{"id":15177,"date":"2024-11-17T21:40:14","date_gmt":"2024-11-18T00:40:14","guid":{"rendered":"https:\/\/diariodelujan.com\/xdeporte\/?p=15177"},"modified":"2024-11-17T22:08:05","modified_gmt":"2024-11-18T01:08:05","slug":"canotaje-local-en-el-sudamericano","status":"publish","type":"post","link":"https:\/\/diariodelujan.com\/xdeporte\/canotaje-local-en-el-sudamericano\/","title":{"rendered":"El canotaje local se destac\u00f3 en el Sudamericano 2024"},"content":{"rendered":"<h5><span style=\"font-family: georgia, palatino, serif; font-size: 14pt;\"><em>Palistas locales se destacaron en el Campeonato Sudamericano y Panamericano de Canotaje y Paracanotaje 2024: Un Torneo de Grandes Logros para Uruguay.<\/em><\/span><!--more--><\/h5>\n<p>El <a href=\"http:\/\/canotaje.org.ar\/wordpress\/wp-content\/uploads\/2024\/06\/Comunicado-t%C3%A9cnico-argentino-2024.pdf\" target=\"_blank\" rel=\"noopener\">Campeonato Sudamericano y Panamericano de Canotaje<\/a> y Paracanotaje 2024, celebrado en el Lago Calcagno en Canelones, Uruguay, se convirti\u00f3 en un escenario clave para el canotaje de Am\u00e9rica Latina.<\/p>\n<p>Durante los cinco d\u00edas de competencia, entre el 13 y 17 de noviembre, los mejores exponentes del continente mostraron su destreza en el agua, y algunos atletas uruguayos brillaron con luz propia, demostrando su calidad y preparaci\u00f3n. En un evento que reuni\u00f3 a los m\u00e1ximos referentes del canotaje y el paracanotaje, las medallas no solo premiaron el esfuerzo, sino que tambi\u00e9n dejaron en claro la importancia de este deporte en la regi\u00f3n.<\/p>\n<h3><strong>El Gran Debut de Trinidad Bouzas<\/strong><\/h3>\n<p>Uno de los nombres que m\u00e1s reson\u00f3 durante el torneo fue el de Trinidad Bouzas, quien debut\u00f3 en la categor\u00eda mayores con resultados destacados. La joven promesa del canotaje uruguayo se colg\u00f3 dos medallas de plata en las modalidades de K4 2000 metros y K4 1000 metros, ambas en conjunto con un talentoso grupo de compa\u00f1eras: <strong>Sof\u00eda Lares, Ana Paz Bernhardt y Zhamira Gonz\u00e1lez.<\/strong><\/p>\n<p>El equipo de K4 en ambas distancias demostr\u00f3 una gran sincronizaci\u00f3n y fuerza, aunque no pudieron superar a los equipos de mayor nivel de la regi\u00f3n. A pesar de quedar en el segundo lugar en ambas pruebas, el rendimiento de Trinidad Bouzas es un claro indicio de su potencial en el futuro del canotaje uruguayo.<\/p>\n<p><a href=\"https:\/\/www.diariodelujan.com\/wp-content\/uploads\/2024\/11\/bracamonte.webp\"><img loading=\"lazy\" decoding=\"async\" class=\"alignnone wp-image-19366 size-full\" title=\"Andrea Braccamonte en Paracanotaje\" src=\"https:\/\/www.diariodelujan.com\/wp-content\/uploads\/2024\/11\/bracamonte.webp\" alt=\"Andrea Braccamonte en Paracanotaje\" width=\"598\" height=\"448\" \/><\/a><\/p>\n<h3>La Consistencia de Andrea Braccamonte en Paracanotaje<\/h3>\n<p>El paracanotaje tambi\u00e9n ocup\u00f3 un lugar importante en el torneo, y Andrea Braccamonte se consolid\u00f3 como una de las principales figuras. La atleta uruguaya consigui\u00f3 dos medallas de plata en las pruebas de KL1 200 metros y VL1 200 metros, donde se enfrent\u00f3 a rivales de gran nivel internacional. En ambas disciplinas, Andrea logr\u00f3 el segundo lugar, superada solo por las competidoras de Canad\u00e1 y Chile, respectivamente.<\/p>\n<p>El nivel de competencia en paracanotaje sigue creciendo, y Braccamonte ha demostrado ser una de las mejores de Am\u00e9rica Latina, consolidando su posici\u00f3n como una de las m\u00e1ximas exponentes del deporte adaptado.<\/p>\n<h3>Candelaria Sequeira: Un Torneo de Oros<\/h3>\n<p>Sin lugar a dudas, la gran figura del campeonato fue <a href=\"https:\/\/www.diariodelujan.com\/la-hazana-de-candelaria-sequeira\/\"><strong>Candelaria Sequeira<\/strong><\/a>, quien alcanz\u00f3 una impresionante cifra de ocho medallas de oro, un logro que refuerza su estatus como una de las mejores cano\u00edstas del continente. La joven uruguaya no solo destac\u00f3 en las categor\u00edas Sub-23, sino tambi\u00e9n en la categor\u00eda Senior, donde reafirm\u00f3 su dominio.<\/p>\n<p><strong>Sequeira se alz\u00f3 con el oro en las siguientes pruebas:<\/strong><\/p>\n<p>&#8211; K1 1000 metros Sub-23: Medalla de oro, superando a las representantes de Ecuador y Puerto Rico.<br \/>\n&#8211; K1 500 metros Sub-23: Medalla de oro, con Ecuador y Puerto Rico completando el podio.<br \/>\n&#8211; K1 200 metros Sub-23: Medalla de oro, con Ecuador como segunda posici\u00f3n.<br \/>\n&#8211; K2 1000 metros Senior: Medalla de oro, junto a Luc\u00eda Dalto Aziz, con Ecuador y Paraguay como los siguientes puestos.<br \/>\n&#8211; K2 500 metros Senior: Medalla de oro, junto a Luc\u00eda Dalto Aziz.<br \/>\n&#8211; K2 200 metros Sub-23: Medalla de oro, en equipo con Luc\u00eda Dalto Aziz.<br \/>\n&#8211; K2 200 metros Mixto: Medalla de oro, en esta ocasi\u00f3n junto a Bautista Itria, con Ecuador y Venezuela ocupando las siguientes posiciones.<br \/>\n&#8211; K4 200 metros Mixto: Medalla de oro, junto a Luc\u00eda Dalto, Mart\u00edn Orero y Gonzalo Carrera, con Ecuador y Uruguay completando el podio.<\/p>\n<p><a href=\"https:\/\/www.diariodelujan.com\/wp-content\/uploads\/2024\/11\/sequeira.jpg\"><img loading=\"lazy\" decoding=\"async\" class=\"alignnone size-full wp-image-19365\" src=\"https:\/\/www.diariodelujan.com\/wp-content\/uploads\/2024\/11\/sequeira.jpg\" alt=\"Candelaria Sequeira el oro en canotaje\" width=\"653\" height=\"393\" title=\"\"><\/a><\/p>\n<p>La impresionante actuaci\u00f3n de Sequeira no solo dej\u00f3 en claro su nivel en el canotaje, sino tambi\u00e9n su capacidad para competir al m\u00e1s alto nivel tanto en la categor\u00eda Sub-23 como en la Senior. Su rendimiento ha sido destacado y constituye un ejemplo para las futuras generaciones de cano\u00edstas en Uruguay.<\/p>\n<h3>El Crecimiento del\u00a0 Canotaje en la regi\u00f3n<\/h3>\n<p>El Campeonato Sudamericano y Panamericano de <strong>Canotaje y Paracanotaje 2024<\/strong> tambi\u00e9n marc\u00f3 un hito para el canotaje en Uruguay, ya que el pa\u00eds demostr\u00f3 contar con una s\u00f3lida infraestructura y un grupo de atletas comprometidos y talentosos. La organizaci\u00f3n del evento fue impecable, y el Lago Calcagno de Canelones fue el escenario perfecto para que los competidores se lucieran.<\/p>\n<p>El canotaje lujanense tambi\u00e9n sigue en crecimiento, y tanto el nivel de los atletas como el apoyo institucional son claves para continuar con el impulso de este deporte. Las actuaciones de Trinidad Bouzas, Andrea Braccamonte y Candelaria Sequeira no solo reflejan el nivel competitivo de los deportistas, sino tambi\u00e9n el futuro prometedor del canotaje en el pa\u00eds.<\/p>\n","protected":false},"excerpt":{"rendered":"<p>Palistas locales se destacaron en el Campeonato Sudamericano y Panamericano de Canotaje y Paracanotaje 2024: Un Torneo de Grandes Logros para Uruguay.<\/p>\n","protected":false},"author":4,"featured_media":15178,"comment_status":"closed","ping_status":"closed","sticky":false,"template":"","format":"standard","meta":{"tdm_status":"","tdm_grid_status":"","footnotes":""},"categories":[2,255],"tags":[260,60],"class_list":{"0":"post-15177","1":"post","2":"type-post","3":"status-publish","4":"format-standard","5":"has-post-thumbnail","7":"category-featured","8":"category-canotaje","9":"tag-canotaje","10":"tag-sudamericano"},"_links":{"self":[{"href":"https:\/\/diariodelujan.com\/xdeporte\/wp-json\/wp\/v2\/posts\/15177","targetHints":{"allow":["GET"]}}],"collection":[{"href":"https:\/\/diariodelujan.com\/xdeporte\/wp-json\/wp\/v2\/posts"}],"about":[{"href":"https:\/\/diariodelujan.com\/xdeporte\/wp-json\/wp\/v2\/types\/post"}],"author":[{"embeddable":true,"href":"https:\/\/diariodelujan.com\/xdeporte\/wp-json\/wp\/v2\/users\/4"}],"replies":[{"embeddable":true,"href":"https:\/\/diariodelujan.com\/xdeporte\/wp-json\/wp\/v2\/comments?post=15177"}],"version-history":[{"count":7,"href":"https:\/\/diariodelujan.com\/xdeporte\/wp-json\/wp\/v2\/posts\/15177\/revisions"}],"predecessor-version":[{"id":15185,"href":"https:\/\/diariodelujan.com\/xdeporte\/wp-json\/wp\/v2\/posts\/15177\/revisions\/15185"}],"wp:featuredmedia":[{"embeddable":true,"href":"https:\/\/diariodelujan.com\/xdeporte\/wp-json\/wp\/v2\/media\/15178"}],"wp:attachment":[{"href":"https:\/\/diariodelujan.com\/xdeporte\/wp-json\/wp\/v2\/media?parent=15177"}],"wp:term":[{"taxonomy":"category","embeddable":true,"href":"https:\/\/diariodelujan.com\/xdeporte\/wp-json\/wp\/v2\/categories?post=15177"},{"taxonomy":"post_tag","embeddable":true,"href":"https:\/\/diariodelujan.com\/xdeporte\/wp-json\/wp\/v2\/tags?post=15177"}],"curies":[{"name":"wp","href":"https:\/\/api.w.org\/{rel}","templated":true}]}}