{"id":15195,"date":"2024-11-18T18:53:52","date_gmt":"2024-11-18T21:53:52","guid":{"rendered":"https:\/\/diariodelujan.com\/xdeporte\/?p=15195"},"modified":"2024-11-18T18:59:38","modified_gmt":"2024-11-18T21:59:38","slug":"desvinculaciones-en-el-club-lujan","status":"publish","type":"post","link":"https:\/\/diariodelujan.com\/xdeporte\/desvinculaciones-en-el-club-lujan\/","title":{"rendered":"Anuncian algunas desvinculaciones en el Club Luj\u00e1n"},"content":{"rendered":"<h5><span style=\"font-family: georgia, palatino, serif; font-size: 14pt;\"><em>La dirigencia del Club Luj\u00e1n hizo oficial este lunes una serie de decisiones que marcar\u00e1n un cambio de rumbo en el plantel de cara al cierre de la temporada en la Primera C.<\/em><\/span><!--more--><\/h5>\n<p>A trav\u00e9s de un comunicado, el club inform\u00f3 que no renovar\u00e1 los contratos de varios jugadores y que estos no ser\u00e1n convocados para las \u00faltimas tres fechas del torneo Clausura 2024. Entre los futbolistas que no seguir\u00e1n en el equipo se encuentran Maximiliano Ant\u00fanez, Cristian Chimino, Cristian Godoy y Nahuel Vali\u00f1as.<\/p>\n<h3><strong> Adi\u00f3s a un Refuerzo So\u00f1ado: Cristian Chimino<\/strong><\/h3>\n<p>Uno de los nombres que m\u00e1s ha resonado en las \u00faltimas horas es el de Cristian Chimino. El lateral derecho, quien lleg\u00f3 a Club Luj\u00e1n a comienzos de 2024 con grandes expectativas tras su paso por el f\u00fatbol de Primera Divisi\u00f3n y su hinchada incondicional, no continuar\u00e1 vistiendo la camiseta del club. Su llegada hab\u00eda sido recibida con gran entusiasmo por parte de la hinchada, que ve\u00eda en \u00e9l un refuerzo clave para las aspiraciones del equipo. Sin embargo, su ciclo en la instituci\u00f3n concluir\u00e1 sin el rendimiento esperado y sin la renovaci\u00f3n de contrato.<\/p>\n<p>El propio Chimino, quien hab\u00eda expresado p\u00fablicamente su amor por los colores del club, se va en medio de una temporada complicada en la que no lograron alcanzar los objetivos previstos. A pesar de su experiencia y calidad, el defensor no logr\u00f3 consolidarse como una pieza fija dentro del esquema del equipo, y la comisi\u00f3n directiva decidi\u00f3 no extender su v\u00ednculo con la instituci\u00f3n.<\/p>\n<h3><strong> Otros que no continuar\u00e1n en <a href=\"https:\/\/www.facebook.com\/www.clublujan.com.ar\/?locale=es_LA\" target=\"_blank\" rel=\"noopener\">Club Luj\u00e1n<\/a><\/strong><\/h3>\n<p>Adem\u00e1s de Chimino, otros tres jugadores importantes, Maximiliano Ant\u00fanez, Cristian Godoy y Nahuel Vali\u00f1as, tambi\u00e9n ver\u00e1n finalizar su ciclo en Club Luj\u00e1n al no recibir una nueva propuesta contractual. La decisi\u00f3n de la dirigencia de no renovarles el contrato tiene como objetivo dar lugar a un proceso de renovaci\u00f3n y replanteamiento del plantel.<\/p>\n<p>La noticia de que estos jugadores no ser\u00e1n tenidos en cuenta para las \u00faltimas fechas del torneo Clausura genera un cambio importante en la din\u00e1mica del equipo. Con los puntos de clasificaci\u00f3n a la Copa Argentina ya fuera de alcance, el club opt\u00f3 por darle prioridad a la formaci\u00f3n de nuevos talentos y a la evaluaci\u00f3n de aquellos jugadores con v\u00ednculos extendidos.<\/p>\n<h4><strong>El Rol del Cuerpo T\u00e9cnico y la Mirada al Futuro<\/strong><\/h4>\n<p>Desde la comisi\u00f3n directiva de Club Luj\u00e1n aclararon que la medida tomada tiene un trasfondo estrat\u00e9gico. En el comunicado oficial, expresaron que la decisi\u00f3n es necesaria debido a que &#8220;a la fecha no hay chances de clasificar a Copa Argentina&#8221;, por lo que consideran fundamental que el cuerpo t\u00e9cnico, en esta etapa interina, pueda enfocar sus esfuerzos en \u201cprofundizar el rodaje y an\u00e1lisis de quienes tienen v\u00ednculo extendido y de jugadores de las divisiones inferiores\u201d.<\/p>\n<p><img loading=\"lazy\" decoding=\"async\" class=\"alignnone size-full wp-image-15200\" src=\"https:\/\/diariodelujan.com\/xdeporte\/wp-content\/uploads\/2024\/11\/Club-Lujan-PH-Facebook-2.webp\" alt=\"Club Luj\u00e1n 2024\" width=\"1222\" height=\"726\" title=\"\" srcset=\"https:\/\/diariodelujan.com\/xdeporte\/wp-content\/uploads\/2024\/11\/Club-Lujan-PH-Facebook-2.webp 1222w, https:\/\/diariodelujan.com\/xdeporte\/wp-content\/uploads\/2024\/11\/Club-Lujan-PH-Facebook-2-300x178.webp 300w, https:\/\/diariodelujan.com\/xdeporte\/wp-content\/uploads\/2024\/11\/Club-Lujan-PH-Facebook-2-1024x608.webp 1024w, https:\/\/diariodelujan.com\/xdeporte\/wp-content\/uploads\/2024\/11\/Club-Lujan-PH-Facebook-2-768x456.webp 768w, https:\/\/diariodelujan.com\/xdeporte\/wp-content\/uploads\/2024\/11\/Club-Lujan-PH-Facebook-2-707x420.webp 707w, https:\/\/diariodelujan.com\/xdeporte\/wp-content\/uploads\/2024\/11\/Club-Lujan-PH-Facebook-2-696x413.webp 696w, https:\/\/diariodelujan.com\/xdeporte\/wp-content\/uploads\/2024\/11\/Club-Lujan-PH-Facebook-2-1068x635.webp 1068w\" sizes=\"auto, (max-width: 1222px) 100vw, 1222px\" \/><\/p>\n<p>El mensaje refleja un claro inter\u00e9s por comenzar a planificar el torneo 2025 de manera anticipada, buscando una renovaci\u00f3n tanto en el plantel como en las estructuras deportivas del club. La dirigencia subraya la importancia de dar espacio a los j\u00f3venes talentos de las divisiones inferiores, quienes podr\u00edan tener un rol protag\u00f3nico en la pr\u00f3xima temporada. Este enfoque busca fortalecer la base del equipo para encarar de la mejor manera los desaf\u00edos futuros.<\/p>\n<h4><strong>Un Cambio Necesario para Pensar en el Futuro<\/strong><\/h4>\n<p>El club parece estar en una etapa de transici\u00f3n, en la que se prioriza la planificaci\u00f3n a largo plazo. La no renovaci\u00f3n de los contratos y la decisi\u00f3n de prescindir de ciertos jugadores apuntan a una reestructuraci\u00f3n que permita mejorar los resultados en el futuro cercano. Club Luj\u00e1n ha atravesado un a\u00f1o en el que las expectativas no se cumplieron, pero la dirigencia apuesta a un cambio en la gesti\u00f3n y en la conformaci\u00f3n de un equipo m\u00e1s competitivo.<\/p>\n<p>Con la mirada puesta en el pr\u00f3ximo a\u00f1o, el club conf\u00eda en que estos ajustes permitir\u00e1n sentar las bases para un 2025 con mayores perspectivas. El desaf\u00edo ser\u00e1 lograr un equilibrio entre experiencia y juventud, y garantizar que los recursos del club, incluyendo el potencial de las divisiones inferiores, sean aprovechados al m\u00e1ximo.<\/p>\n<h4><strong>\u00bfQu\u00e9 Pasar\u00e1 con los Jugadores con V\u00ednculo Extendido?<\/strong><\/h4>\n<p>Finalmente, el club detall\u00f3 que aquellos futbolistas cuyo contrato se extiende m\u00e1s all\u00e1 de la presente temporada ser\u00e1n convocados pr\u00f3ximamente para analizar los acuerdos correspondientes. Esta medida refleja la voluntad de Club Luj\u00e1n de no solo reorganizar su plantel, sino tambi\u00e9n de asegurar que los jugadores que permanezcan en la instituci\u00f3n reciban un trato acorde con los nuevos objetivos y las exigencias de la instituci\u00f3n.<\/p>\n<p>A medida que el <strong>torneo Clausura 2024<\/strong> llega a su fin, la instituci\u00f3n comenzar\u00e1 a delinear los pasos para un nuevo proyecto deportivo que, se espera, retome el rumbo hacia la competitividad en la<strong> Primera C<\/strong> y otras competencias nacionales.<\/p>\n","protected":false},"excerpt":{"rendered":"<p>La dirigencia del Club Luj\u00e1n hizo oficial este lunes una serie de decisiones que marcar\u00e1n un cambio de rumbo en el plantel de cara al cierre de la temporada en la Primera C.<\/p>\n","protected":false},"author":4,"featured_media":15143,"comment_status":"closed","ping_status":"closed","sticky":false,"template":"","format":"standard","meta":{"tdm_status":"","tdm_grid_status":"","footnotes":""},"categories":[2,8],"tags":[175,368,275],"class_list":{"0":"post-15195","1":"post","2":"type-post","3":"status-publish","4":"format-standard","5":"has-post-thumbnail","7":"category-featured","8":"category-futbol","9":"tag-club-lujan","10":"tag-desvinculaciones","11":"tag-plantel"},"_links":{"self":[{"href":"https:\/\/diariodelujan.com\/xdeporte\/wp-json\/wp\/v2\/posts\/15195","targetHints":{"allow":["GET"]}}],"collection":[{"href":"https:\/\/diariodelujan.com\/xdeporte\/wp-json\/wp\/v2\/posts"}],"about":[{"href":"https:\/\/diariodelujan.com\/xdeporte\/wp-json\/wp\/v2\/types\/post"}],"author":[{"embeddable":true,"href":"https:\/\/diariodelujan.com\/xdeporte\/wp-json\/wp\/v2\/users\/4"}],"replies":[{"embeddable":true,"href":"https:\/\/diariodelujan.com\/xdeporte\/wp-json\/wp\/v2\/comments?post=15195"}],"version-history":[{"count":5,"href":"https:\/\/diariodelujan.com\/xdeporte\/wp-json\/wp\/v2\/posts\/15195\/revisions"}],"predecessor-version":[{"id":15198,"href":"https:\/\/diariodelujan.com\/xdeporte\/wp-json\/wp\/v2\/posts\/15195\/revisions\/15198"}],"wp:featuredmedia":[{"embeddable":true,"href":"https:\/\/diariodelujan.com\/xdeporte\/wp-json\/wp\/v2\/media\/15143"}],"wp:attachment":[{"href":"https:\/\/diariodelujan.com\/xdeporte\/wp-json\/wp\/v2\/media?parent=15195"}],"wp:term":[{"taxonomy":"category","embeddable":true,"href":"https:\/\/diariodelujan.com\/xdeporte\/wp-json\/wp\/v2\/categories?post=15195"},{"taxonomy":"post_tag","embeddable":true,"href":"https:\/\/diariodelujan.com\/xdeporte\/wp-json\/wp\/v2\/tags?post=15195"}],"curies":[{"name":"wp","href":"https:\/\/api.w.org\/{rel}","templated":true}]}}