{"id":15205,"date":"2024-11-20T11:23:39","date_gmt":"2024-11-20T14:23:39","guid":{"rendered":"https:\/\/diariodelujan.com\/xdeporte\/?p=15205"},"modified":"2024-11-20T11:23:39","modified_gmt":"2024-11-20T14:23:39","slug":"lujan-juega-la-antepenultima-fecha","status":"publish","type":"post","link":"https:\/\/diariodelujan.com\/xdeporte\/lujan-juega-la-antepenultima-fecha\/","title":{"rendered":"Luj\u00e1n juega la antepen\u00faltima fecha contra Cambaceres"},"content":{"rendered":"<h5><em><span style=\"font-family: georgia, palatino, serif; font-size: 14pt;\">Este mi\u00e9rcoles 20, a partir de las 17 hs, Luj\u00e1n juega la antepen\u00faltima fecha ante el Rojo de Ensenada en condici\u00f3n de local.<\/span><\/em><\/h5>\n<p><!--more--><\/p>\n<p><span style=\"font-family: arial, helvetica, sans-serif;\">Este mi\u00e9rcoles, <a href=\"https:\/\/www.facebook.com\/www.clublujan.com.ar\" target=\"_blank\" rel=\"noopener\">Luj\u00e1n<\/a> juega la antepen\u00faltima fecha contra Cambaceres con la intenci\u00f3n de cerrar el a\u00f1o en una nota alta. El encuentro se disputar\u00e1 en el estadio 1\u00b0 de Abril, a partir de las 17 hs.<\/span><\/p>\n<p><span style=\"font-family: arial, helvetica, sans-serif;\"><em>El Lujanero<\/em> viene de <a href=\"https:\/\/diariodelujan.com\/xdeporte\/lujan-le-gano-a-atlas\/\" target=\"_blank\" rel=\"noopener\">derrotar a Atlas por 1 a 0<\/a> como visitante y en esta ocasi\u00f3n buscar\u00e1 un nuevo resultado positivo para ir cerrando el a\u00f1o.<\/span><\/p>\n<p><span style=\"font-family: arial, helvetica, sans-serif;\"><em>Camba<\/em>, por su lado, viene de un doble empate contra Berazategui y Sportivo Barracas, por lo que visitar\u00e1 a Luj\u00e1n con el objetivo de quitarle los tres puntos.<\/span><\/p>\n","protected":false},"excerpt":{"rendered":"<p>Este mi\u00e9rcoles 20, a partir de las 17 hs, Luj\u00e1n juega la antepen\u00faltima fecha ante el Rojo de Ensenada en condici\u00f3n de local.<\/p>\n","protected":false},"author":3,"featured_media":15207,"comment_status":"closed","ping_status":"closed","sticky":false,"template":"","format":"standard","meta":{"tdm_status":"","tdm_grid_status":"","footnotes":""},"categories":[2,8],"tags":[372,173,117,184,130],"class_list":{"0":"post-15205","1":"post","2":"type-post","3":"status-publish","4":"format-standard","5":"has-post-thumbnail","7":"category-featured","8":"category-futbol","9":"tag-cambaceres","10":"tag-futbol","11":"tag-lujan","12":"tag-lujanero","13":"tag-primera-c"},"_links":{"self":[{"href":"https:\/\/diariodelujan.com\/xdeporte\/wp-json\/wp\/v2\/posts\/15205","targetHints":{"allow":["GET"]}}],"collection":[{"href":"https:\/\/diariodelujan.com\/xdeporte\/wp-json\/wp\/v2\/posts"}],"about":[{"href":"https:\/\/diariodelujan.com\/xdeporte\/wp-json\/wp\/v2\/types\/post"}],"author":[{"embeddable":true,"href":"https:\/\/diariodelujan.com\/xdeporte\/wp-json\/wp\/v2\/users\/3"}],"replies":[{"embeddable":true,"href":"https:\/\/diariodelujan.com\/xdeporte\/wp-json\/wp\/v2\/comments?post=15205"}],"version-history":[{"count":2,"href":"https:\/\/diariodelujan.com\/xdeporte\/wp-json\/wp\/v2\/posts\/15205\/revisions"}],"predecessor-version":[{"id":15208,"href":"https:\/\/diariodelujan.com\/xdeporte\/wp-json\/wp\/v2\/posts\/15205\/revisions\/15208"}],"wp:featuredmedia":[{"embeddable":true,"href":"https:\/\/diariodelujan.com\/xdeporte\/wp-json\/wp\/v2\/media\/15207"}],"wp:attachment":[{"href":"https:\/\/diariodelujan.com\/xdeporte\/wp-json\/wp\/v2\/media?parent=15205"}],"wp:term":[{"taxonomy":"category","embeddable":true,"href":"https:\/\/diariodelujan.com\/xdeporte\/wp-json\/wp\/v2\/categories?post=15205"},{"taxonomy":"post_tag","embeddable":true,"href":"https:\/\/diariodelujan.com\/xdeporte\/wp-json\/wp\/v2\/tags?post=15205"}],"curies":[{"name":"wp","href":"https:\/\/api.w.org\/{rel}","templated":true}]}}