{"id":15214,"date":"2024-11-20T21:19:48","date_gmt":"2024-11-21T00:19:48","guid":{"rendered":"https:\/\/diariodelujan.com\/xdeporte\/?p=15214"},"modified":"2024-11-20T21:19:48","modified_gmt":"2024-11-21T00:19:48","slug":"lujan-empato-sin-goles","status":"publish","type":"post","link":"https:\/\/diariodelujan.com\/xdeporte\/lujan-empato-sin-goles\/","title":{"rendered":"Luj\u00e1n empat\u00f3 sin goles ante Cambaceres"},"content":{"rendered":"<h5><span style=\"font-family: georgia, palatino, serif; font-size: 14pt;\"><em>Este mi\u00e9rcoles, <a href=\"https:\/\/www.facebook.com\/www.clublujan.com.ar\" target=\"_blank\" rel=\"noopener\">Luj\u00e1n<\/a> empat\u00f3 sin goles contra Camba en el 1\u00b0 de Abril. El conjunto de nuestra ciudad jugar\u00e1 su \u00faltimo compromiso fuera de casa contra Argentino de Rosario.<\/em><\/span><\/h5>\n<p><!--more--><\/p>\n<p><span style=\"font-family: arial, helvetica, sans-serif;\">Tras la <a href=\"https:\/\/diariodelujan.com\/xdeporte\/lujan-le-gano-a-atlas\/\" target=\"_blank\" rel=\"noopener\">victoria por 1 a 0 sobre Atlas<\/a>, Luj\u00e1n empat\u00f3 sin goles ante Cambaceres y no pudo mantenerse en la senda del triunfo.<\/span><\/p>\n<p><span style=\"font-family: arial, helvetica, sans-serif;\">En una primera mitad con pocas oportunidades, Eladio Ramos tuvo su chance con un cabezazo que sali\u00f3 desviado, mientras que Mart\u00edn Duna prob\u00f3 desde afuera del \u00e1rea, pero el arquero visitante rechaz\u00f3 la esf\u00e9rica.<\/span><\/p>\n<p><span style=\"font-family: arial, helvetica, sans-serif;\">Antes del descanso, <em>el Lujanero<\/em> tuvo la jugada m\u00e1s peligrosa: un centro desde la derecha de Dinocco que Ramos conect\u00f3 de cabeza, pero el bal\u00f3n dio en el palo derecho y fue despejado por un defensor de Cambaceres.<\/span><\/p>\n<p><span style=\"font-family: arial, helvetica, sans-serif;\">En el segundo tiempo Luj\u00e1n sigui\u00f3 buscando abrir el partido y de la mano de Ramos y Ferreyra tuvo las mejores chances. El colombiano meti\u00f3 un fuerte remate al arco pero el 1 rival nuevamente le neg\u00f3 el gol. Mientras tanto, Ferreyra tuvo la m\u00e1s clara del partido, pero fall\u00f3 en la definici\u00f3n y el marcador se mantuvo en cero.<\/span><\/p>\n<h4><span style=\"font-family: arial, helvetica, sans-serif;\"><strong>Luj\u00e1n empat\u00f3 sin goles y a continuaci\u00f3n jugar\u00e1 fuera de casa por \u00faltima vez<\/strong><\/span><\/h4>\n<p><span style=\"font-family: arial, helvetica, sans-serif;\">La pr\u00f3xima jornada ser\u00e1 la \u00faltima del conjunto de nuestra ciudad en condici\u00f3n de visitante, cuando enfrente a Argentino de Rosario por la pen\u00faltima fecha del Clausura.<\/span><\/p>\n","protected":false},"excerpt":{"rendered":"<p>Este mi\u00e9rcoles, Luj\u00e1n empat\u00f3 sin goles contra Camba en el 1\u00b0 de Abril. El conjunto de nuestra ciudad jugar\u00e1 su \u00faltimo compromiso fuera de casa contra Argentino de Rosario.<\/p>\n","protected":false},"author":3,"featured_media":15216,"comment_status":"closed","ping_status":"closed","sticky":false,"template":"","format":"standard","meta":{"tdm_status":"","tdm_grid_status":"","footnotes":""},"categories":[2,8],"tags":[372,173,117,184,130],"class_list":{"0":"post-15214","1":"post","2":"type-post","3":"status-publish","4":"format-standard","5":"has-post-thumbnail","7":"category-featured","8":"category-futbol","9":"tag-cambaceres","10":"tag-futbol","11":"tag-lujan","12":"tag-lujanero","13":"tag-primera-c"},"_links":{"self":[{"href":"https:\/\/diariodelujan.com\/xdeporte\/wp-json\/wp\/v2\/posts\/15214","targetHints":{"allow":["GET"]}}],"collection":[{"href":"https:\/\/diariodelujan.com\/xdeporte\/wp-json\/wp\/v2\/posts"}],"about":[{"href":"https:\/\/diariodelujan.com\/xdeporte\/wp-json\/wp\/v2\/types\/post"}],"author":[{"embeddable":true,"href":"https:\/\/diariodelujan.com\/xdeporte\/wp-json\/wp\/v2\/users\/3"}],"replies":[{"embeddable":true,"href":"https:\/\/diariodelujan.com\/xdeporte\/wp-json\/wp\/v2\/comments?post=15214"}],"version-history":[{"count":2,"href":"https:\/\/diariodelujan.com\/xdeporte\/wp-json\/wp\/v2\/posts\/15214\/revisions"}],"predecessor-version":[{"id":15217,"href":"https:\/\/diariodelujan.com\/xdeporte\/wp-json\/wp\/v2\/posts\/15214\/revisions\/15217"}],"wp:featuredmedia":[{"embeddable":true,"href":"https:\/\/diariodelujan.com\/xdeporte\/wp-json\/wp\/v2\/media\/15216"}],"wp:attachment":[{"href":"https:\/\/diariodelujan.com\/xdeporte\/wp-json\/wp\/v2\/media?parent=15214"}],"wp:term":[{"taxonomy":"category","embeddable":true,"href":"https:\/\/diariodelujan.com\/xdeporte\/wp-json\/wp\/v2\/categories?post=15214"},{"taxonomy":"post_tag","embeddable":true,"href":"https:\/\/diariodelujan.com\/xdeporte\/wp-json\/wp\/v2\/tags?post=15214"}],"curies":[{"name":"wp","href":"https:\/\/api.w.org\/{rel}","templated":true}]}}