{"id":15222,"date":"2024-11-22T15:29:04","date_gmt":"2024-11-22T18:29:04","guid":{"rendered":"https:\/\/diariodelujan.com\/xdeporte\/?p=15222"},"modified":"2024-11-22T15:29:04","modified_gmt":"2024-11-22T18:29:04","slug":"escuela-municipal-de-basquet","status":"publish","type":"post","link":"https:\/\/diariodelujan.com\/xdeporte\/escuela-municipal-de-basquet\/","title":{"rendered":"La Escuela Municipal de B\u00e1squet realiz\u00f3 su cierre de a\u00f1o"},"content":{"rendered":"<p><span style=\"font-family: georgia, palatino, serif; font-size: 14pt;\"><em>La Direcci\u00f3n de Deportes, entreg\u00f3 reconocimientos a m\u00e1s de 100 chicos que participan de la Escuela Municipal de B\u00e1squet.<\/em><\/span> <!--more--><\/p>\n<p>[dropcap]L[\/dropcap]a jornada se llev\u00f3 a cabo en las canchas p\u00fablicas que se encuentran ubicadas en el Parque San Mart\u00edn. El acto de cierre comenz\u00f3 con una muestra de actividades divididas por categor\u00edas y luego se hizo entrega de diplomas.<\/p>\n<p>\u201cEste fue el tercer a\u00f1o de la escuela municipal de b\u00e1squet y la misma refleja una comunidad que cuida respeta y permanece en este espacio en donde suceden momentos inolvidables para la vida de quienes comienzan a dar sus primeros pasos y aquellos que amamos hace tiempo este deporte. Este 2024 nos deja s\u00faper contentos por el crecimiento de cada uno de los participantes, en todas sus edades, que corresponden a los valores en la convivencia, y por supuesto en los fundamentos propios del deporte\u201d, mencion\u00f3 la Coordinadora de la Escuela Municipal, Florencia Adorno.<\/p>\n<p><a href=\"https:\/\/www.diariodelujan.com\/wp-content\/uploads\/2024\/11\/Cierre-de-ano-Escuela-Municipal-de-Basquet.webp\"><img loading=\"lazy\" decoding=\"async\" class=\"alignnone size-full wp-image-19663\" src=\"https:\/\/www.diariodelujan.com\/wp-content\/uploads\/2024\/11\/Cierre-de-ano-Escuela-Municipal-de-Basquet.webp\" alt=\"Cierre de a\u00f1o Escuela Municipal de B\u00e1squet\" width=\"800\" height=\"534\" title=\"\"><\/a><\/p>\n<p>La Escuela de B\u00e1squet brinda clases a m\u00e1s de 130 ni\u00f1os, adolescentes, y adultos. Est\u00e1 dividida en Mosquitos (5 a 7 a\u00f1os), Pre Mini (8 a 10 a\u00f1os), Mini y Sub 13 (11 a 13 a\u00f1os), Sub 15 y Sub 17 (14 a 17 a\u00f1os) y Primera (mayores de 18 a\u00f1os).<\/p>\n<p>La misma est\u00e1 a cargo de los profesores Juan Aroza, Nicolas Miracca, Gabriela Spindola, Brian Simonavicius, Juan Delfino y Mayra Miranda.<\/p>\n<p>Cabe destacar que es sumamente importante la articulaci\u00f3n con la asociaci\u00f3n civil Street B\u00e1squet Luj\u00e1n, ya que su presencia no solo significa cuidado y mantenimiento de las canchas, sino tambi\u00e9n la promoci\u00f3n y participaci\u00f3n del deporte.<\/p>\n<p>El cierre de la Escuela Municipal de B\u00e1squet cont\u00f3 con la presencia del Intendente, Leonardo Boto, el Secretario de Desarrollo Humano, Federico Vanin, y el Director de Deportes, Gustavo Santill\u00e1n.<\/p>\n","protected":false},"excerpt":{"rendered":"<p>La Direcci\u00f3n de Deportes, entreg\u00f3 reconocimientos a m\u00e1s de 100 chicos que participan de la Escuela Municipal de B\u00e1squet.<\/p>\n","protected":false},"author":4,"featured_media":15224,"comment_status":"closed","ping_status":"closed","sticky":false,"template":"","format":"standard","meta":{"tdm_status":"","tdm_grid_status":"","footnotes":""},"categories":[2,17],"tags":[],"class_list":{"0":"post-15222","1":"post","2":"type-post","3":"status-publish","4":"format-standard","5":"has-post-thumbnail","7":"category-featured","8":"category-deportes"},"_links":{"self":[{"href":"https:\/\/diariodelujan.com\/xdeporte\/wp-json\/wp\/v2\/posts\/15222","targetHints":{"allow":["GET"]}}],"collection":[{"href":"https:\/\/diariodelujan.com\/xdeporte\/wp-json\/wp\/v2\/posts"}],"about":[{"href":"https:\/\/diariodelujan.com\/xdeporte\/wp-json\/wp\/v2\/types\/post"}],"author":[{"embeddable":true,"href":"https:\/\/diariodelujan.com\/xdeporte\/wp-json\/wp\/v2\/users\/4"}],"replies":[{"embeddable":true,"href":"https:\/\/diariodelujan.com\/xdeporte\/wp-json\/wp\/v2\/comments?post=15222"}],"version-history":[{"count":1,"href":"https:\/\/diariodelujan.com\/xdeporte\/wp-json\/wp\/v2\/posts\/15222\/revisions"}],"predecessor-version":[{"id":15223,"href":"https:\/\/diariodelujan.com\/xdeporte\/wp-json\/wp\/v2\/posts\/15222\/revisions\/15223"}],"wp:featuredmedia":[{"embeddable":true,"href":"https:\/\/diariodelujan.com\/xdeporte\/wp-json\/wp\/v2\/media\/15224"}],"wp:attachment":[{"href":"https:\/\/diariodelujan.com\/xdeporte\/wp-json\/wp\/v2\/media?parent=15222"}],"wp:term":[{"taxonomy":"category","embeddable":true,"href":"https:\/\/diariodelujan.com\/xdeporte\/wp-json\/wp\/v2\/categories?post=15222"},{"taxonomy":"post_tag","embeddable":true,"href":"https:\/\/diariodelujan.com\/xdeporte\/wp-json\/wp\/v2\/tags?post=15222"}],"curies":[{"name":"wp","href":"https:\/\/api.w.org\/{rel}","templated":true}]}}