{"id":15249,"date":"2024-11-30T22:05:20","date_gmt":"2024-12-01T01:05:20","guid":{"rendered":"https:\/\/diariodelujan.com\/xdeporte\/?p=15249"},"modified":"2024-12-01T21:20:19","modified_gmt":"2024-12-02T00:20:19","slug":"el-lujanero-fue-goleado","status":"publish","type":"post","link":"https:\/\/diariodelujan.com\/xdeporte\/el-lujanero-fue-goleado\/","title":{"rendered":"El Lujanero fue goleado por el campe\u00f3n en la \u00faltima fecha"},"content":{"rendered":"<h5><span style=\"font-family: georgia, palatino, serif; font-size: 14pt;\"><em>Este fin de semana, <a href=\"https:\/\/www.facebook.com\/www.clublujan.com.ar\" target=\"_blank\" rel=\"noopener\">el Lujanero<\/a> fue goleado por Real Pilar 4 a 0 en el 1\u00b0 de Abril y cerr\u00f3 el a\u00f1o con una dolorosa derrota.<\/em><\/span><\/h5>\n<p><!--more--><\/p>\n<p>A pesar de <a href=\"https:\/\/diariodelujan.com\/xdeporte\/lujan-dio-vuelta-el-partido\/\" target=\"_blank\" rel=\"noopener\">la victoria obtenida en Rosario<\/a> la semana pasada, <em>el Lujanero<\/em> fue goleado sin piedad por el campe\u00f3n del Clausura y termin\u00f3 la temporada con m\u00e1s dudas que certezas.<\/p>\n<p>En el primer tiempo Luj\u00e1n intent\u00f3 imponer su local\u00eda, pero Real Pilar atac\u00f3 con efectividad y convirti\u00f3 en una de las primeras llegadas al arco de Gallardo.<\/p>\n<p>Del otro lado, Luj\u00e1n busc\u00f3 el empate de la mano de Eladio Ramos, pero al colombiano no se le dio y el entretiempo lleg\u00f3 cuando el parcial era 1-0 en favor de la visita.<\/p>\n<p>En el segundo tiempo, el due\u00f1o de casa estuvo cerca del empate, sin embargo, Ariel Vera le dijo que no a Ferreyra y <em>el Monarca<\/em> mantuvo la ventaja.<\/p>\n<p>M\u00e1s tarde, Valent\u00edn Ciancio cometi\u00f3 una infracci\u00f3n dentro del \u00e1rea lujanera y el juez del encuentro sancion\u00f3 penal para Real Pilar. Alejandro Noriega se encarg\u00f3 de convertir el segundo tanto del partido. Segundos despu\u00e9s, Un grave error de Gallardo le permiti\u00f3 el tercero a la visita de la mano de Paiva.<\/p>\n<p>A los 30 minutos, Noriega asisti\u00f3 a Ger\u00f3nimo Govi que dentro del \u00e1rea chica sentenci\u00f3 el partido con un tanto de cabeza.<\/p>\n<p>Luj\u00e1n cerr\u00f3 la temporada con 20 victorias, 10 empates y 18 derrotas, sumando 70 puntos en 48 partidos disputados en el a\u00f1o.<\/p>\n","protected":false},"excerpt":{"rendered":"<p>Este fin de semana, el Lujanero fue goleado por Real Pilar 4 a 0 en el 1\u00b0 de Abril y cerr\u00f3 el a\u00f1o con una dolorosa derrota.<\/p>\n","protected":false},"author":3,"featured_media":15250,"comment_status":"closed","ping_status":"closed","sticky":false,"template":"","format":"standard","meta":{"tdm_status":"","tdm_grid_status":"","footnotes":""},"categories":[2,8],"tags":[173,117,184,130,246],"class_list":{"0":"post-15249","1":"post","2":"type-post","3":"status-publish","4":"format-standard","5":"has-post-thumbnail","7":"category-featured","8":"category-futbol","9":"tag-futbol","10":"tag-lujan","11":"tag-lujanero","12":"tag-primera-c","13":"tag-real-pilar"},"_links":{"self":[{"href":"https:\/\/diariodelujan.com\/xdeporte\/wp-json\/wp\/v2\/posts\/15249","targetHints":{"allow":["GET"]}}],"collection":[{"href":"https:\/\/diariodelujan.com\/xdeporte\/wp-json\/wp\/v2\/posts"}],"about":[{"href":"https:\/\/diariodelujan.com\/xdeporte\/wp-json\/wp\/v2\/types\/post"}],"author":[{"embeddable":true,"href":"https:\/\/diariodelujan.com\/xdeporte\/wp-json\/wp\/v2\/users\/3"}],"replies":[{"embeddable":true,"href":"https:\/\/diariodelujan.com\/xdeporte\/wp-json\/wp\/v2\/comments?post=15249"}],"version-history":[{"count":1,"href":"https:\/\/diariodelujan.com\/xdeporte\/wp-json\/wp\/v2\/posts\/15249\/revisions"}],"predecessor-version":[{"id":15251,"href":"https:\/\/diariodelujan.com\/xdeporte\/wp-json\/wp\/v2\/posts\/15249\/revisions\/15251"}],"wp:featuredmedia":[{"embeddable":true,"href":"https:\/\/diariodelujan.com\/xdeporte\/wp-json\/wp\/v2\/media\/15250"}],"wp:attachment":[{"href":"https:\/\/diariodelujan.com\/xdeporte\/wp-json\/wp\/v2\/media?parent=15249"}],"wp:term":[{"taxonomy":"category","embeddable":true,"href":"https:\/\/diariodelujan.com\/xdeporte\/wp-json\/wp\/v2\/categories?post=15249"},{"taxonomy":"post_tag","embeddable":true,"href":"https:\/\/diariodelujan.com\/xdeporte\/wp-json\/wp\/v2\/tags?post=15249"}],"curies":[{"name":"wp","href":"https:\/\/api.w.org\/{rel}","templated":true}]}}