{"id":15288,"date":"2024-12-05T17:58:10","date_gmt":"2024-12-05T20:58:10","guid":{"rendered":"https:\/\/diariodelujan.com\/xdeporte\/?p=15288"},"modified":"2024-12-05T18:07:05","modified_gmt":"2024-12-05T21:07:05","slug":"24-horas-en-bici","status":"publish","type":"post","link":"https:\/\/diariodelujan.com\/xdeporte\/24-horas-en-bici\/","title":{"rendered":"Correr\u00e1n 120 km a pedal en las \u201c24 Horas en Bici\u201d"},"content":{"rendered":"<p><span style=\"font-family: georgia, palatino, serif; font-size: 14pt;\"><em>El s\u00e1bado 7 y domingo 8 de diciembre se llevar\u00e1 a cabo el gran evento \u201c24 Horas en Bici\u201d que cubrir\u00e1 120 del distrito a puro pedal.<\/em><\/span><br \/>\n<!--more--><\/p>\n<p>El punto de partida y de llegada ser\u00e1 el predio del ex Campo Municipal de Deportes (Carlos Pellegrini y Francia).<\/p>\n<p>Se trata de un circuito que comprende 120 kil\u00f3metros en bici, saliendo desde Luj\u00e1n y pasando por las localidades como Carlos Keen, Torres, Villa Ruiz, Cucullu, Villa Espil, Goldney, Olivera, <a href=\"https:\/\/diariodelujan.com\/xdeporte\/flandria-empato-contra-el-viola\/\">J\u00e1uregui<\/a>, Pueblo Nuevo y Cort\u00ednez.<\/p>\n<p>Adem\u00e1s, las personas inscriptas, podr\u00e1n participar completando alguna de las tres vueltas disponibles con un gu\u00eda referente, el s\u00e1bado desde las 12:00 y a las 20:00 horas, y el domingo a las 05:00 horas.<\/p>\n<p>Las acreditaciones ser\u00e1n el s\u00e1bado 07:00 de 09:00 a 10:30 horas en el predio del ex Campo Municipal de Deportes. A las 11:00 horas habr\u00e1 una charla t\u00e9cnica, para iniciar el circuito a las 12:00.<\/p>\n<p><img loading=\"lazy\" decoding=\"async\" class=\"alignnone size-full wp-image-15296\" src=\"https:\/\/diariodelujan.com\/xdeporte\/wp-content\/uploads\/2024\/12\/lujan-carlos-keen.webp\" alt=\"bici turismo\" width=\"955\" height=\"645\" title=\"\" srcset=\"https:\/\/diariodelujan.com\/xdeporte\/wp-content\/uploads\/2024\/12\/lujan-carlos-keen.webp 955w, https:\/\/diariodelujan.com\/xdeporte\/wp-content\/uploads\/2024\/12\/lujan-carlos-keen-300x203.webp 300w, https:\/\/diariodelujan.com\/xdeporte\/wp-content\/uploads\/2024\/12\/lujan-carlos-keen-768x519.webp 768w, https:\/\/diariodelujan.com\/xdeporte\/wp-content\/uploads\/2024\/12\/lujan-carlos-keen-622x420.webp 622w, https:\/\/diariodelujan.com\/xdeporte\/wp-content\/uploads\/2024\/12\/lujan-carlos-keen-696x470.webp 696w\" sizes=\"auto, (max-width: 955px) 100vw, 955px\" \/><\/p>\n<p>Adem\u00e1s, en dicho espacio, funcionar\u00e1 un \u00e1rea de servicios para participantes y acompa\u00f1antes.<\/p>\n<p>El evento es acompa\u00f1ado por la Direcci\u00f3n de Deportes, dependiente de la Secretar\u00eda de Desarrollo Humano del<a href=\"https:\/\/lujan.gob.ar\/\" target=\"_blank\" rel=\"noopener\"> Municipio de Luj\u00e1n<\/a>.<\/p>\n","protected":false},"excerpt":{"rendered":"<p>El s\u00e1bado 7 y domingo 8 de diciembre se llevar\u00e1 a cabo el gran evento \u201c24 Horas en Bici\u201d que cubrir\u00e1 120 del distrito a puro pedal.<\/p>\n","protected":false},"author":4,"featured_media":15295,"comment_status":"closed","ping_status":"closed","sticky":false,"template":"","format":"standard","meta":{"tdm_status":"","tdm_grid_status":"","footnotes":""},"categories":[7,2],"tags":[287],"class_list":{"0":"post-15288","1":"post","2":"type-post","3":"status-publish","4":"format-standard","5":"has-post-thumbnail","7":"category-ciclismo","8":"category-featured","9":"tag-ciclismo"},"_links":{"self":[{"href":"https:\/\/diariodelujan.com\/xdeporte\/wp-json\/wp\/v2\/posts\/15288","targetHints":{"allow":["GET"]}}],"collection":[{"href":"https:\/\/diariodelujan.com\/xdeporte\/wp-json\/wp\/v2\/posts"}],"about":[{"href":"https:\/\/diariodelujan.com\/xdeporte\/wp-json\/wp\/v2\/types\/post"}],"author":[{"embeddable":true,"href":"https:\/\/diariodelujan.com\/xdeporte\/wp-json\/wp\/v2\/users\/4"}],"replies":[{"embeddable":true,"href":"https:\/\/diariodelujan.com\/xdeporte\/wp-json\/wp\/v2\/comments?post=15288"}],"version-history":[{"count":9,"href":"https:\/\/diariodelujan.com\/xdeporte\/wp-json\/wp\/v2\/posts\/15288\/revisions"}],"predecessor-version":[{"id":15300,"href":"https:\/\/diariodelujan.com\/xdeporte\/wp-json\/wp\/v2\/posts\/15288\/revisions\/15300"}],"wp:featuredmedia":[{"embeddable":true,"href":"https:\/\/diariodelujan.com\/xdeporte\/wp-json\/wp\/v2\/media\/15295"}],"wp:attachment":[{"href":"https:\/\/diariodelujan.com\/xdeporte\/wp-json\/wp\/v2\/media?parent=15288"}],"wp:term":[{"taxonomy":"category","embeddable":true,"href":"https:\/\/diariodelujan.com\/xdeporte\/wp-json\/wp\/v2\/categories?post=15288"},{"taxonomy":"post_tag","embeddable":true,"href":"https:\/\/diariodelujan.com\/xdeporte\/wp-json\/wp\/v2\/tags?post=15288"}],"curies":[{"name":"wp","href":"https:\/\/api.w.org\/{rel}","templated":true}]}}