{"id":15441,"date":"2024-12-23T18:10:11","date_gmt":"2024-12-23T21:10:11","guid":{"rendered":"https:\/\/diariodelujan.com\/xdeporte\/?p=15441"},"modified":"2024-12-23T18:12:27","modified_gmt":"2024-12-23T21:12:27","slug":"premios-a-los-mejores-pilotos","status":"publish","type":"post","link":"https:\/\/diariodelujan.com\/xdeporte\/premios-a-los-mejores-pilotos\/","title":{"rendered":"ACAL entreg\u00f3 los premios a los mejores pilotos 2024"},"content":{"rendered":"<p><span style=\"font-family: georgia, palatino, serif; font-size: 14pt;\"><em>La asociaci\u00f3n de Corredores de Automodelismo Luj\u00e1n entreg\u00f3 los premios a los mejores pilotos 2024 en las diferentes categor\u00edas.<\/em><\/span><\/p>\n<p><!--more--><\/p>\n<p>En una noche que ser\u00e1 inolvidable la organizaci\u00f3n de ACAL (<a href=\"https:\/\/www.facebook.com\/slotlujan\/?locale=es_LA\" target=\"_blank\" rel=\"noopener\">Asociaci\u00f3n Corredores Automodelismo Luj\u00e1n<\/a>) organiz\u00f3 una despedida del a\u00f1o y entrega de distinciones a los mejores pilotos del a\u00f1o como as\u00ed tambi\u00e9n premiar a ni\u00f1os que participan habitualmente de las competencias de las distintas categor\u00edas constituyendo el semillero de la pista.<\/p>\n<p>En un ambiente de amistad y camarader\u00eda, una treintena de pilotos se hicieron presentes para celebrar una temporada m\u00e1s de automodelismo slot y disfrutar de un magnifico asado de la mano del especialista categor\u00eda<strong> &#8220;Cinco Tenedores&#8221;<\/strong> Christian Pasty Melconian.<\/p>\n<p><img loading=\"lazy\" decoding=\"async\" class=\"alignnone size-full wp-image-21546\" src=\"https:\/\/www.diariodelujan.com\/wp-content\/uploads\/2024\/12\/entregas-premios-2024-c.webp\" alt=\"Entregas de premios pilotos ACAL 2024\" width=\"900\" height=\"595\" title=\"\"><\/p>\n<h3><strong>Los premios a los mejores pilotos<\/strong><\/h3>\n<p>Se entregaron premios a los siguientes pilotos por categor\u00eda:<\/p>\n<p><strong> Pick Up TC:<\/strong><\/p>\n<p>Bi Campe\u00f3n Maximiliano Naranjo, Subcampe\u00f3n Adri\u00e1n Simonetti, 3ro Christian Melconian, 4to Lautaro Etchetto, 5to Javier Braiotta, 6to Juan Delgado, 7mo Valentino Simonetti, tambi\u00e9n distinguido con el Trofeo piloto Revelaci\u00f3n del a\u00f1o. El 8vo premio fue para Daniel Amantini y el 9no para Ricardo Vega.<\/p>\n<p><strong>Sport:<\/strong><\/p>\n<p>Campe\u00f3n Javier Etchetto, Subcampe\u00f3n Jos\u00e9 Rodr\u00edguez, 3ero Lautaro Etchetto, 4to Julio Bevilaqua, 5to Maxi Naranjo, 6to Carlos Bellome, 7mo Javier Braiotta, 8vo Adri\u00e1n Simonetti, 9no Horacio Ninkov, 10mo Daniel Amantini.<\/p>\n<p><strong>TC:<\/strong><\/p>\n<p>Campe\u00f3n Adri\u00e1n Simonetti, Subcampe\u00f3n Horacio Ninkov, 3ero Maxi Naranjo, 4to Javier Etchetto, 5to Christian Melconian, 6to Sergio La Vega, 7mo Lautaro Etchetto, 8vo Javier Casanova, 9no Javier Braiotta, 10mo Juan Delgado, 11mo Daniel Amantini.<\/p>\n<p><img loading=\"lazy\" decoding=\"async\" class=\"alignnone size-full wp-image-21548\" src=\"https:\/\/www.diariodelujan.com\/wp-content\/uploads\/2024\/12\/entregas-premios-2024-IH.webp\" alt=\"Entregas de premios pilotos ACAL 2024\" width=\"895\" height=\"887\" title=\"\"><\/p>\n<p>Adem\u00e1s, como lo anunciamos antes se premi\u00f3 a los ni\u00f1os Valentino Simonetti como Revelaci\u00f3n del A\u00f1o, Facundo Roffredo y tambi\u00e9n Isabella Amantini.<\/p>\n<p>En s\u00edntesis, una fiesta perfectamente organizada, con un asado de maravillas, una interesante respuesta a la convocatoria de los responsables de la pista y tambi\u00e9n se agradece la especial atenci\u00f3n para con la prensa que acompa\u00f1\u00f3 todo el a\u00f1o a la actividad. Nobleza obliga a ser agradecido.<\/p>\n<p><img loading=\"lazy\" decoding=\"async\" class=\"alignnone size-full wp-image-21547\" src=\"https:\/\/www.diariodelujan.com\/wp-content\/uploads\/2024\/12\/entregas-premios-2024-G.webp\" alt=\"Entregas de premios pilotos ACAL 2024\" width=\"893\" height=\"575\" title=\"\"><\/p>\n<p>Antes del brindis y en el momento de la foto institucional se grab\u00f3 un video para difundir la apelaci\u00f3n al uso de &#8220;luces si ruidos no&#8221; para la celebraci\u00f3n de estas fiestas de Navidad y A\u00f1o nuevo consigna a la que nos adherimos desde esta publicaci\u00f3n.<\/p>\n<p><em>Nota Ricardo Vega<\/em><br \/>\n<em>Servicio de prensa<\/em><br \/>\n<em>Contacto 67036196<\/em><\/p>\n","protected":false},"excerpt":{"rendered":"<p>La asociaci\u00f3n de Corredores de Automodelismo Luj\u00e1n entreg\u00f3 los premios a los mejores pilotos 2024 en las diferentes categor\u00edas.<\/p>\n","protected":false},"author":4,"featured_media":15442,"comment_status":"closed","ping_status":"closed","sticky":false,"template":"","format":"standard","meta":{"tdm_status":"","tdm_grid_status":"","footnotes":""},"categories":[20,2],"tags":[],"class_list":{"0":"post-15441","1":"post","2":"type-post","3":"status-publish","4":"format-standard","5":"has-post-thumbnail","7":"category-automodelismo","8":"category-featured"},"_links":{"self":[{"href":"https:\/\/diariodelujan.com\/xdeporte\/wp-json\/wp\/v2\/posts\/15441","targetHints":{"allow":["GET"]}}],"collection":[{"href":"https:\/\/diariodelujan.com\/xdeporte\/wp-json\/wp\/v2\/posts"}],"about":[{"href":"https:\/\/diariodelujan.com\/xdeporte\/wp-json\/wp\/v2\/types\/post"}],"author":[{"embeddable":true,"href":"https:\/\/diariodelujan.com\/xdeporte\/wp-json\/wp\/v2\/users\/4"}],"replies":[{"embeddable":true,"href":"https:\/\/diariodelujan.com\/xdeporte\/wp-json\/wp\/v2\/comments?post=15441"}],"version-history":[{"count":1,"href":"https:\/\/diariodelujan.com\/xdeporte\/wp-json\/wp\/v2\/posts\/15441\/revisions"}],"predecessor-version":[{"id":15443,"href":"https:\/\/diariodelujan.com\/xdeporte\/wp-json\/wp\/v2\/posts\/15441\/revisions\/15443"}],"wp:featuredmedia":[{"embeddable":true,"href":"https:\/\/diariodelujan.com\/xdeporte\/wp-json\/wp\/v2\/media\/15442"}],"wp:attachment":[{"href":"https:\/\/diariodelujan.com\/xdeporte\/wp-json\/wp\/v2\/media?parent=15441"}],"wp:term":[{"taxonomy":"category","embeddable":true,"href":"https:\/\/diariodelujan.com\/xdeporte\/wp-json\/wp\/v2\/categories?post=15441"},{"taxonomy":"post_tag","embeddable":true,"href":"https:\/\/diariodelujan.com\/xdeporte\/wp-json\/wp\/v2\/tags?post=15441"}],"curies":[{"name":"wp","href":"https:\/\/api.w.org\/{rel}","templated":true}]}}