{"id":15444,"date":"2024-12-24T00:46:19","date_gmt":"2024-12-24T03:46:19","guid":{"rendered":"https:\/\/diariodelujan.com\/xdeporte\/?p=15444"},"modified":"2024-12-24T10:41:51","modified_gmt":"2024-12-24T13:41:51","slug":"lujan-se-rearma-temporada-2025","status":"publish","type":"post","link":"https:\/\/diariodelujan.com\/xdeporte\/lujan-se-rearma-temporada-2025\/","title":{"rendered":"Luj\u00e1n se rearma para afrontar la temporada 2025"},"content":{"rendered":"<h5><span style=\"font-family: georgia, palatino, serif; font-size: 14pt;\"><em>El plantel que ser\u00e1 <a href=\"https:\/\/diariodelujan.com\/xdeporte\/novedades-en-el-club-lujan\/\" target=\"_blank\" rel=\"noopener\">dirigido por Santiago Fredes<\/a> durante la temporada 2025 se refuerza con dos nuevos arqueros. Lucas Torlaschi, proveniente de Boca Juniors y Mat\u00edas Lescano quien jugar\u00e1 se segundo ciclo en el Lujanero.<\/em><\/span><\/h5>\n<p><!--more--><\/p>\n<p>Prepar\u00e1ndose para la temporada 2025, <a href=\"https:\/\/www.facebook.com\/www.clublujan.com.ar\" target=\"_blank\" rel=\"noopener\"><em>el Lujanero<\/em><\/a> sum\u00f3 dos arqueros para reforzar sus filas. Lucas Torlaschi, de 21 a\u00f1os, viene de Boca para disputarse el arco de Luj\u00e1n.<\/p>\n<p>Mat\u00edas Lescano, con 38 a\u00f1os, ser\u00e1 otra de las opciones para la posici\u00f3n de guardametas. Lescano se sum\u00f3 al club por segunda vez en su carrera, la primera vez fue entre los a\u00f1os 2016 y 2018.<\/p>\n<p>Otra de las nuevas adiciones es la del defensor Nahuel Icazatti, de 26 a\u00f1os de edad, que viene de Claypole y logr\u00f3 el ascenso a la Primera B con Liniers en el a\u00f1o 2023.<\/p>\n<h4><strong>Jugadores que permanecer\u00e1n para la Temporada 2025<\/strong><\/h4>\n<p>Adem\u00e1s,\u00a0Tom\u00e1s Bellido, Facundo Rojas, Rom\u00e1n L\u00f3pez, Di\u00f3genes Notta, Ferm\u00edn Urtasun, Juan Rom\u00e1n L\u00f3pez, Gonzalo Ca\u00f1ete y Lisandro S\u00e1nchez Olmos confirmaron su continuaci\u00f3n en el club durante el pr\u00f3ximo a\u00f1o.<\/p>\n","protected":false},"excerpt":{"rendered":"<p>El plantel que ser\u00e1 dirigido por Santiago Fredes durante la temporada 2025 se refuerza con dos nuevos arqueros. Lucas Torlaschi, proveniente de Boca Juniors y Mat\u00edas Lescano quien jugar\u00e1 se segundo ciclo en el Lujanero.<\/p>\n","protected":false},"author":3,"featured_media":15445,"comment_status":"closed","ping_status":"closed","sticky":false,"template":"","format":"standard","meta":{"tdm_status":"","tdm_grid_status":"","footnotes":""},"categories":[2,8],"tags":[391,173,117,130,183],"class_list":{"0":"post-15444","1":"post","2":"type-post","3":"status-publish","4":"format-standard","5":"has-post-thumbnail","7":"category-featured","8":"category-futbol","9":"tag-391","10":"tag-futbol","11":"tag-lujan","12":"tag-primera-c","13":"tag-refuerzos"},"_links":{"self":[{"href":"https:\/\/diariodelujan.com\/xdeporte\/wp-json\/wp\/v2\/posts\/15444","targetHints":{"allow":["GET"]}}],"collection":[{"href":"https:\/\/diariodelujan.com\/xdeporte\/wp-json\/wp\/v2\/posts"}],"about":[{"href":"https:\/\/diariodelujan.com\/xdeporte\/wp-json\/wp\/v2\/types\/post"}],"author":[{"embeddable":true,"href":"https:\/\/diariodelujan.com\/xdeporte\/wp-json\/wp\/v2\/users\/3"}],"replies":[{"embeddable":true,"href":"https:\/\/diariodelujan.com\/xdeporte\/wp-json\/wp\/v2\/comments?post=15444"}],"version-history":[{"count":4,"href":"https:\/\/diariodelujan.com\/xdeporte\/wp-json\/wp\/v2\/posts\/15444\/revisions"}],"predecessor-version":[{"id":15452,"href":"https:\/\/diariodelujan.com\/xdeporte\/wp-json\/wp\/v2\/posts\/15444\/revisions\/15452"}],"wp:featuredmedia":[{"embeddable":true,"href":"https:\/\/diariodelujan.com\/xdeporte\/wp-json\/wp\/v2\/media\/15445"}],"wp:attachment":[{"href":"https:\/\/diariodelujan.com\/xdeporte\/wp-json\/wp\/v2\/media?parent=15444"}],"wp:term":[{"taxonomy":"category","embeddable":true,"href":"https:\/\/diariodelujan.com\/xdeporte\/wp-json\/wp\/v2\/categories?post=15444"},{"taxonomy":"post_tag","embeddable":true,"href":"https:\/\/diariodelujan.com\/xdeporte\/wp-json\/wp\/v2\/tags?post=15444"}],"curies":[{"name":"wp","href":"https:\/\/api.w.org\/{rel}","templated":true}]}}