{"id":15462,"date":"2024-12-28T09:50:54","date_gmt":"2024-12-28T12:50:54","guid":{"rendered":"https:\/\/diariodelujan.com\/xdeporte\/?p=15462"},"modified":"2024-12-28T10:09:33","modified_gmt":"2024-12-28T13:09:33","slug":"nuevo-delantero-para-flandria","status":"publish","type":"post","link":"https:\/\/diariodelujan.com\/xdeporte\/nuevo-delantero-para-flandria\/","title":{"rendered":"El canario suma un experimentado delantero"},"content":{"rendered":"<p><em><span style=\"font-family: georgia, palatino, serif; font-size: 14pt;\">Flandria sorprendi\u00f3 a sus seguidores con el anuncio de su cuarto refuerzo para el 2025. Se trata del delantero Joan Juncos, quien llega proveniente de Deportivo Rinc\u00f3n para sumarse a la plantilla.<\/span><\/em><\/p>\n<p><!--more--><\/p>\n<p>El equipo de J\u00e1uregui, dirigido por Santiago Davio, atraviesa un proceso de renovaci\u00f3n tras las bajas de varios jugadores en diversas l\u00edneas del campo. Por eso, el club se encuentra trabajando intensamente en la conformaci\u00f3n de un nuevo plantel que pueda afrontar los desaf\u00edos de la pr\u00f3xima temporada.<\/p>\n<p><img loading=\"lazy\" decoding=\"async\" class=\"alignnone size-full wp-image-21694\" src=\"https:\/\/www.diariodelujan.com\/wp-content\/uploads\/2024\/12\/joan-juncos-.webp\" alt=\"joan juncos nuevo refuerzo\" width=\"1200\" height=\"675\" title=\"\"><\/p>\n<h3><strong>El nuevo delantero<\/strong><\/h3>\n<p>Joan Juncos, de 30 a\u00f1os, tiene una amplia trayectoria en el f\u00fatbol argentino e internacional. A lo largo de su carrera, el atacante ha defendido las camisetas de Talleres Andes, Gualmay\u00e9n, Real Potos\u00ed de Bolivia, Guti\u00e9rrez, Gimnasia de Mendoza y Mitre de Santiago del Estero. En los \u00faltimos seis meses, Juncos jug\u00f3 en Deportivo Rinc\u00f3n, donde dej\u00f3 una buena impresi\u00f3n antes de dar el salto al &#8220;Canario&#8221;.<\/p>\n<p>El delantero firm\u00f3 contrato por una temporada y ya fue presentado oficialmente a trav\u00e9s de las redes sociales del club. Con su incorporaci\u00f3n, <a href=\"https:\/\/clubflandria.com.ar\/\" target=\"_blank\" rel=\"noopener\">Flandria<\/a> se asegura un atacante experimentado que aportar\u00e1 dinamismo y goles al esquema de Davio.<\/p>\n<p>De esta forma, <a href=\"https:\/\/www.diariodelujan.com\/flandria-refuerza-su-plantilla\/\">Flandria<\/a> suma su cuarto refuerzo para el 2025, luego de los arribos de Franco Schiavoni, Alejo Blanco y Mat\u00edas Mariatti. El mercado de pases a\u00fan sigue abierto, por lo que se espera que el club de J\u00e1uregui contin\u00fae sumando caras nuevas para completar su plantel con miras al inicio del campeonato.<\/p>\n<p>Por otro lado, en los \u00faltimos d\u00edas se confirm\u00f3 la salida de Eugenio Raggio, el defensor que fue figura en el conjunto de J\u00e1uregui. El central continuar\u00e1 su carrera en el Deportivo Cuenca, conjunto que juega en la Primera Divisi\u00f3n de Ecuador.<\/p>\n<p>En los pr\u00f3ximos d\u00edas podr\u00edan anunciarse nuevos refuerzos en el armado del plantel 2025 de Flandria para la Primera B Metropolitana.<\/p>\n","protected":false},"excerpt":{"rendered":"<p>Flandria sorprendi\u00f3 a sus seguidores con el anuncio de su cuarto refuerzo para el 2025. Se trata del delantero Joan Juncos, quien llega proveniente de Deportivo Rinc\u00f3n para sumarse a la plantilla.<\/p>\n","protected":false},"author":4,"featured_media":7247,"comment_status":"closed","ping_status":"closed","sticky":false,"template":"","format":"standard","meta":{"tdm_status":"","tdm_grid_status":"","footnotes":""},"categories":[8,2],"tags":[],"class_list":{"0":"post-15462","1":"post","2":"type-post","3":"status-publish","4":"format-standard","5":"has-post-thumbnail","7":"category-futbol","8":"category-featured"},"_links":{"self":[{"href":"https:\/\/diariodelujan.com\/xdeporte\/wp-json\/wp\/v2\/posts\/15462","targetHints":{"allow":["GET"]}}],"collection":[{"href":"https:\/\/diariodelujan.com\/xdeporte\/wp-json\/wp\/v2\/posts"}],"about":[{"href":"https:\/\/diariodelujan.com\/xdeporte\/wp-json\/wp\/v2\/types\/post"}],"author":[{"embeddable":true,"href":"https:\/\/diariodelujan.com\/xdeporte\/wp-json\/wp\/v2\/users\/4"}],"replies":[{"embeddable":true,"href":"https:\/\/diariodelujan.com\/xdeporte\/wp-json\/wp\/v2\/comments?post=15462"}],"version-history":[{"count":3,"href":"https:\/\/diariodelujan.com\/xdeporte\/wp-json\/wp\/v2\/posts\/15462\/revisions"}],"predecessor-version":[{"id":15465,"href":"https:\/\/diariodelujan.com\/xdeporte\/wp-json\/wp\/v2\/posts\/15462\/revisions\/15465"}],"wp:featuredmedia":[{"embeddable":true,"href":"https:\/\/diariodelujan.com\/xdeporte\/wp-json\/wp\/v2\/media\/7247"}],"wp:attachment":[{"href":"https:\/\/diariodelujan.com\/xdeporte\/wp-json\/wp\/v2\/media?parent=15462"}],"wp:term":[{"taxonomy":"category","embeddable":true,"href":"https:\/\/diariodelujan.com\/xdeporte\/wp-json\/wp\/v2\/categories?post=15462"},{"taxonomy":"post_tag","embeddable":true,"href":"https:\/\/diariodelujan.com\/xdeporte\/wp-json\/wp\/v2\/tags?post=15462"}],"curies":[{"name":"wp","href":"https:\/\/api.w.org\/{rel}","templated":true}]}}