{"id":15470,"date":"2024-12-29T17:51:51","date_gmt":"2024-12-29T20:51:51","guid":{"rendered":"https:\/\/diariodelujan.com\/xdeporte\/?p=15470"},"modified":"2024-12-29T17:52:09","modified_gmt":"2024-12-29T20:52:09","slug":"calendario-seleccion-argentina-de-futbol","status":"publish","type":"post","link":"https:\/\/diariodelujan.com\/xdeporte\/calendario-seleccion-argentina-de-futbol\/","title":{"rendered":"As\u00ed ser\u00e1 el calendario de la Selecci\u00f3n Argentina de f\u00fatbol para 2025"},"content":{"rendered":"<p><span style=\"font-family: georgia, palatino, serif; font-size: 14pt;\"><em>La Selecci\u00f3n Argentina de f\u00fatbol comenzar\u00e1 a preparar una nueva temporada en la que tendr\u00e1 como principal desaf\u00edo cerrar de la mejor manera las Eliminatorias.<\/em><\/span><\/p>\n<p><!--more--><\/p>\n<p>Falta muy poco para que arranque un nuevo a\u00f1o y la Selecci\u00f3n Argentina, flamante bicampeona de Am\u00e9rica y campeona del mundo, tendr\u00e1 nuevos desaf\u00edos renovados en los que el equipo de Lionel Scaloni buscar\u00e1 revalidar lo bueno que viene haciendo desde hace varios a\u00f1os.<\/p>\n<p>En principio, en <a href=\"https:\/\/www.diariodelujan.com\/lujan-se-rearma-temporada-2025\/\">2025<\/a> uno de los principales objetivos que tendr\u00e1 el seleccionado son las Eliminatorias de cara al pr\u00f3ximo Mundial de Estados Unidos, M\u00e9xico y Canad\u00e1 2026. Si bien es el actual l\u00edder con cinco puntos de ventaja con respecto al segundo que es Uruguay, los seis compromisos que restan servir\u00e1n para que el conjunto contin\u00fae ganando rodaje.<\/p>\n<p>Eso m\u00e1s los cl\u00e1sicos amistosos que se realizan durante las fechas <a href=\"https:\/\/www.fifa.com\/es\/\" target=\"_blank\" rel=\"noopener\">FIFA<\/a> le permitir\u00edan a la selecci\u00f3n de Scaloni seguir probando futbolistas que tiene en el radar y que ir\u00e1 observando en los pr\u00f3ximos meses de cara a la lista definitiva para la gran cita que ser\u00e1 dentro de 18 meses.<\/p>\n<p>Adem\u00e1s, m\u00e1s all\u00e1 de las seis jornadas de clasificaci\u00f3n, Argentina podr\u00eda tener otro gran desaf\u00edo que a\u00fan no est\u00e1 confirmado que es el partido pendiente ante Espa\u00f1a por la Finalissima ya que el conjunto de Luis de la Fuente se consagr\u00f3 victorioso de la \u00faltima <a href=\"https:\/\/es.uefa.com\/euro2024\/\" target=\"_blank\" rel=\"noopener\">Eurocopa<\/a>.<\/p>\n<p>El \u00faltimo campe\u00f3n de esta copa tambi\u00e9n es Argentina cuando venci\u00f3 por 3-0 con goles de Lautaro Mart\u00ednez, Angel di Maria y Paulo Dybala a Italia en el estadio de Wembley en 2022.<\/p>\n<p><img loading=\"lazy\" decoding=\"async\" class=\"alignnone size-full wp-image-21745\" src=\"https:\/\/www.diariodelujan.com\/wp-content\/uploads\/2024\/12\/messi.webp\" alt=\"Messi y la selecci\u00f3n\" width=\"791\" height=\"533\" title=\"\"><\/p>\n<h3><strong>Calendario 2025 de la selecci\u00f3n<\/strong><\/h3>\n<p>Los encuentros que tendr\u00e1 Argentina en el 2025 son:<\/p>\n<p><strong>Marzo 2025:<\/strong><\/p>\n<p>Uruguay \u2013 Argentina<br \/>\nArgentina \u2013 Brasil<\/p>\n<p><strong>Junio 2025:<\/strong><\/p>\n<p>Chile \u2013 Argentina<br \/>\nArgentina \u2013 Colombia<\/p>\n<p><strong>Septiembre 2025:<\/strong><\/p>\n<p>Argentina \u2013 Venezuela<br \/>\nEcuador \u2013 Argentina<\/p>\n<p><strong>Octubre 2025:<\/strong><\/p>\n<p>Del 6 al 14 habr\u00e1 amistosos por fecha FIFA a\u00fan no se saben los rivales.<\/p>\n<p><strong>Noviembre 2025:<\/strong><\/p>\n<p>Del 10 al 18 habr\u00e1 amistosos por fecha FIFA a\u00fan no se saben los rivales.<\/p>\n","protected":false},"excerpt":{"rendered":"<p>La Selecci\u00f3n Argentina de f\u00fatbol comenzar\u00e1 a preparar una nueva temporada en la que tendr\u00e1 como principal desaf\u00edo cerrar de la mejor manera las Eliminatorias.<\/p>\n","protected":false},"author":4,"featured_media":15473,"comment_status":"closed","ping_status":"closed","sticky":false,"template":"","format":"standard","meta":{"tdm_status":"","tdm_grid_status":"","footnotes":""},"categories":[8,2],"tags":[],"class_list":{"0":"post-15470","1":"post","2":"type-post","3":"status-publish","4":"format-standard","5":"has-post-thumbnail","7":"category-futbol","8":"category-featured"},"_links":{"self":[{"href":"https:\/\/diariodelujan.com\/xdeporte\/wp-json\/wp\/v2\/posts\/15470","targetHints":{"allow":["GET"]}}],"collection":[{"href":"https:\/\/diariodelujan.com\/xdeporte\/wp-json\/wp\/v2\/posts"}],"about":[{"href":"https:\/\/diariodelujan.com\/xdeporte\/wp-json\/wp\/v2\/types\/post"}],"author":[{"embeddable":true,"href":"https:\/\/diariodelujan.com\/xdeporte\/wp-json\/wp\/v2\/users\/4"}],"replies":[{"embeddable":true,"href":"https:\/\/diariodelujan.com\/xdeporte\/wp-json\/wp\/v2\/comments?post=15470"}],"version-history":[{"count":4,"href":"https:\/\/diariodelujan.com\/xdeporte\/wp-json\/wp\/v2\/posts\/15470\/revisions"}],"predecessor-version":[{"id":15475,"href":"https:\/\/diariodelujan.com\/xdeporte\/wp-json\/wp\/v2\/posts\/15470\/revisions\/15475"}],"wp:featuredmedia":[{"embeddable":true,"href":"https:\/\/diariodelujan.com\/xdeporte\/wp-json\/wp\/v2\/media\/15473"}],"wp:attachment":[{"href":"https:\/\/diariodelujan.com\/xdeporte\/wp-json\/wp\/v2\/media?parent=15470"}],"wp:term":[{"taxonomy":"category","embeddable":true,"href":"https:\/\/diariodelujan.com\/xdeporte\/wp-json\/wp\/v2\/categories?post=15470"},{"taxonomy":"post_tag","embeddable":true,"href":"https:\/\/diariodelujan.com\/xdeporte\/wp-json\/wp\/v2\/tags?post=15470"}],"curies":[{"name":"wp","href":"https:\/\/api.w.org\/{rel}","templated":true}]}}