{"id":15486,"date":"2025-01-03T18:21:49","date_gmt":"2025-01-03T21:21:49","guid":{"rendered":"https:\/\/diariodelujan.com\/xdeporte\/?p=15486"},"modified":"2025-01-17T08:53:28","modified_gmt":"2025-01-17T11:53:28","slug":"se-largo-el-rally-dakar-2025","status":"publish","type":"post","link":"https:\/\/diariodelujan.com\/xdeporte\/se-largo-el-rally-dakar-2025\/","title":{"rendered":"Dakar 2025: emociones, velocidad y estrategia en la carrera m\u00e1s dura del mundo"},"content":{"rendered":"<p><em>El <a href=\"https:\/\/www.dakar.com\/es\/\" target=\"_blank\" rel=\"noopener\">Rally Dakar 2025<\/a>, la competencia m\u00e1s desafiante del planeta, ha comenzado oficialmente en Arabia Saudita y la representaci\u00f3n argentina se hizo presente.<\/em><\/p>\n<p><!--more--><\/p>\n<p>Por sexto a\u00f1o consecutivo, el pa\u00eds \u00e1rabe se convierte en escenario de esta emblem\u00e1tica prueba que re\u00fane a los mejores pilotos y navegantes del mundo. El pr\u00f3logo, disputado en un tramo de 29 kil\u00f3metros en Bisha, marc\u00f3 el inicio de la acci\u00f3n, dejando en evidencia que este a\u00f1o la estrategia ser\u00e1 tan importante como la velocidad.<\/p>\n<p><img loading=\"lazy\" decoding=\"async\" class=\"alignnone size-full wp-image-15822\" src=\"https:\/\/www.estacionlujan.com.ar\/wp-content\/uploads\/2025\/01\/Santiago-Rostan-busca-terminar-en-el-top-25.webp\" alt=\"Santiago Rostan busca terminar en el top 25\" width=\"689\" height=\"504\" title=\"\"><\/p>\n<h3><strong>Una jornada de pr\u00f3logo con emociones encontradas<\/strong><\/h3>\n<p>El primer d\u00eda fue un pr\u00f3logo t\u00e9cnico y veloz, dise\u00f1ado para determinar el orden de partida de la etapa inicial. En motos, el australiano Daniel Sanders (KTM) domin\u00f3 con un tiempo de 16m51s, mientras que el botsuano Ross Branch (Hero) y el estadounidense Ricky Brabec (Honda) completaron el podio, quedando a mil\u00e9simas de diferencia.<\/p>\n<p>Entre los argentinos, los hermanos Luciano y Kevin Benavides tuvieron desempe\u00f1os dispares. Luciano, a pesar de ubicarse 7\u00ba, expres\u00f3 satisfacci\u00f3n con su rendimiento: \u201cFue un tramo entretenido y divertido\u201d, coment\u00f3. Por otro lado, Kevin, quien termin\u00f3 24\u00ba, mostr\u00f3 cierta frustraci\u00f3n: \u201cNo s\u00e9 d\u00f3nde perd\u00ed tanto tiempo\u201d. Ambos, con sus KTM oficiales, buscar\u00e1n destacarse en las etapas m\u00e1s largas.<\/p>\n<p>El neuquino Santiago Rostan, en su segunda participaci\u00f3n en el Dakar, termin\u00f3 en la posici\u00f3n 68\u00aa. \u201cMa\u00f1ana empieza la carrera de verdad. Este pr\u00f3logo nos permite sacarnos un poco de presi\u00f3n\u201d, declar\u00f3 emocionado.<\/p>\n<p><img loading=\"lazy\" decoding=\"async\" class=\"alignnone size-full wp-image-15820\" src=\"https:\/\/www.estacionlujan.com.ar\/wp-content\/uploads\/2025\/01\/Los-cordobeses-Valentina-Pertegarini-y-Nicolas-Cavigliasso.webp\" alt=\"Los cordobeses Valentina Pertegarini y Nicol\u00e1s Cavigliasso\" width=\"681\" height=\"488\" title=\"\"><\/p>\n<h3><strong>Los <a href=\"https:\/\/www.estacionlujan.com.ar\/automodelismo-en-lujan\/\" target=\"_blank\" rel=\"noopener\">autos<\/a> vibran con un pr\u00f3logo ajustado<\/strong><\/h3>\n<p>En la categor\u00eda de autos, el sudafricano Henk Lategan (Toyota) se llev\u00f3 el mejor tiempo con 15m28s, apenas una mil\u00e9sima por delante del sueco Mattias Ekstr\u00f6m, quien debut\u00f3 con Ford. El qatar\u00ed Nasser Al Attiyah, al mando de un Dacia, qued\u00f3 tercero, marcando un inicio prometedor para esta nueva marca en el Dakar.<\/p>\n<p>El mendocino Juan Cruz Yacopini, \u00fanico argentino en esta categor\u00eda, finaliz\u00f3 32\u00ba. Con su Toyota Hilux, destac\u00f3 la importancia de la estrategia: \u201cLa primera semana ser\u00e1 clave, con mucha piedra que pondr\u00e1 a prueba la resistencia tanto de los veh\u00edculos como de los pilotos\u201d.<\/p>\n<h3><strong>Prototipos y Side by Side: el protagonismo argentino<\/strong><\/h3>\n<p>En la categor\u00eda Challenger, que agrupa a los veh\u00edculos areneros, la dupla argentina conformada por Nicol\u00e1s Cavigliasso y Valentina Pertegarini logr\u00f3 un destacado tercer puesto con su Taurus del Team BBR. \u201cFue un pr\u00f3logo largo e intenso\u201d, asegur\u00f3 Nicol\u00e1s, mientras que Valentina destac\u00f3 la importancia de controlar la ansiedad en los primeros d\u00edas.<\/p>\n<p>Otros argentinos tambi\u00e9n brillaron en esta divisional: David Zille y Sebasti\u00e1n Cesana finalizaron s\u00e9ptimos, mientras que varios compatriotas participaron como navegantes, alcanzando posiciones destacadas en el top 15.<\/p>\n<p>En la categor\u00eda Side by Side, la dupla argentina de Jerem\u00edas Gonz\u00e1lez Ferioli y Pedro Gonzalo Rinaldi qued\u00f3 en segundo lugar, a solo 19 mil\u00e9simas del estadounidense Brock Heger (Polaris). Otras tripulaciones argentinas tambi\u00e9n se posicionaron entre los diez primeros, consolidando su protagonismo en esta categor\u00eda.<\/p>\n<p><img loading=\"lazy\" decoding=\"async\" class=\"alignnone size-full wp-image-15819\" src=\"https:\/\/www.estacionlujan.com.ar\/wp-content\/uploads\/2025\/01\/Juan-Cruz-Yacopini-es-el-unico-argentino-en-autos.webp\" alt=\"Juan Cruz Yacopini es el \u00fanico argentino en autos\" width=\"680\" height=\"510\" title=\"\"><\/p>\n<h3><strong>Camiones y lo que viene<\/strong><\/h3>\n<p>En camiones, el neerland\u00e9s Mitchell Van Den Brink (Iveco) se impuso en el pr\u00f3logo, seguido por el lituano Vaidotas Zala y el checo Martin Macik. Aunque esta categor\u00eda a\u00fan no mostr\u00f3 todo su potencial, las etapas m\u00e1s exigentes prometen un espect\u00e1culo inolvidable.<\/p>\n<p>El pr\u00f3logo, si bien breve, dej\u00f3 entrever las estrategias y expectativas de los competidores. Este s\u00e1bado, la primera etapa llevar\u00e1 a los pilotos nuevamente a Bisha, en un recorrido de 412 kil\u00f3metros cronometrados donde las piedras y la arena jugar\u00e1n un papel crucial.<\/p>\n<p>Con emociones en cada kil\u00f3metro, el Dakar 2025 promete ser una edici\u00f3n llena de adrenalina y desaf\u00edos, reafirm\u00e1ndose como la carrera m\u00e1s dura del mundo.<\/p>\n","protected":false},"excerpt":{"rendered":"<p>El Rally Dakar 2025, la competencia m\u00e1s desafiante del planeta, ha comenzado oficialmente en Arabia Saudita y la representaci\u00f3n argentina se hizo presente.<\/p>\n","protected":false},"author":4,"featured_media":15489,"comment_status":"closed","ping_status":"closed","sticky":false,"template":"","format":"standard","meta":{"tdm_status":"","tdm_grid_status":"","footnotes":""},"categories":[13],"tags":[80,410],"class_list":{"0":"post-15486","1":"post","2":"type-post","3":"status-publish","4":"format-standard","5":"has-post-thumbnail","7":"category-motor","8":"tag-dakar","9":"tag-rally"},"_links":{"self":[{"href":"https:\/\/diariodelujan.com\/xdeporte\/wp-json\/wp\/v2\/posts\/15486","targetHints":{"allow":["GET"]}}],"collection":[{"href":"https:\/\/diariodelujan.com\/xdeporte\/wp-json\/wp\/v2\/posts"}],"about":[{"href":"https:\/\/diariodelujan.com\/xdeporte\/wp-json\/wp\/v2\/types\/post"}],"author":[{"embeddable":true,"href":"https:\/\/diariodelujan.com\/xdeporte\/wp-json\/wp\/v2\/users\/4"}],"replies":[{"embeddable":true,"href":"https:\/\/diariodelujan.com\/xdeporte\/wp-json\/wp\/v2\/comments?post=15486"}],"version-history":[{"count":2,"href":"https:\/\/diariodelujan.com\/xdeporte\/wp-json\/wp\/v2\/posts\/15486\/revisions"}],"predecessor-version":[{"id":15490,"href":"https:\/\/diariodelujan.com\/xdeporte\/wp-json\/wp\/v2\/posts\/15486\/revisions\/15490"}],"wp:featuredmedia":[{"embeddable":true,"href":"https:\/\/diariodelujan.com\/xdeporte\/wp-json\/wp\/v2\/media\/15489"}],"wp:attachment":[{"href":"https:\/\/diariodelujan.com\/xdeporte\/wp-json\/wp\/v2\/media?parent=15486"}],"wp:term":[{"taxonomy":"category","embeddable":true,"href":"https:\/\/diariodelujan.com\/xdeporte\/wp-json\/wp\/v2\/categories?post=15486"},{"taxonomy":"post_tag","embeddable":true,"href":"https:\/\/diariodelujan.com\/xdeporte\/wp-json\/wp\/v2\/tags?post=15486"}],"curies":[{"name":"wp","href":"https:\/\/api.w.org\/{rel}","templated":true}]}}