{"id":15504,"date":"2025-01-19T18:18:51","date_gmt":"2025-01-19T21:18:51","guid":{"rendered":"https:\/\/diariodelujan.com\/xdeporte\/?p=15504"},"modified":"2025-01-19T18:18:51","modified_gmt":"2025-01-19T21:18:51","slug":"flandria-de-pretemporada","status":"publish","type":"post","link":"https:\/\/diariodelujan.com\/xdeporte\/flandria-de-pretemporada\/","title":{"rendered":"Flandria avanza en su pretemporada con amistosos de alto nivel"},"content":{"rendered":"<p><span style=\"font-family: georgia, palatino, serif; font-size: 14pt;\"><em>El <a href=\"https:\/\/clubflandria.com.ar\/\" target=\"_blank\" rel=\"noopener\">Club Flandria<\/a> intensifica su preparaci\u00f3n con una exigente pretemporada de cara a su debut en la temporada 2025 de la Primera B Metropolitana.<\/em><\/span><!--more--><\/p>\n<p>El conjunto dirigido por Santiago Davio debutar\u00e1 el fin de semana del 8 y 9 de febrero en el <a href=\"https:\/\/diariodelujan.com\/xdeporte\/davio-nuevo-dt-de-flandria\/\">Estadio Carlos V<\/a> ante Sportivo Italiano, y para llegar en las mejores condiciones ha disputado encuentros amistosos de gran exigencia.<\/p>\n<h3><strong><span style=\"font-size: 14pt;\">Amistoso ante Almagro: doble triunfo para el Canario<\/span><\/strong><\/h3>\n<p>Este s\u00e1bado, Flandria enfrent\u00f3 a Almagro, equipo de la Primera Nacional, en dos encuentros de 50 minutos cada uno en Hind\u00fa Club. Ambos partidos finalizaron con victoria para el Canario, por 1-0 y 2-0 respectivamente.<\/p>\n<p>En el primer partido, Flandria form\u00f3 con: Figueroa; Correa, Su\u00e1rez, Mariatti y Spitale; Nalerio y Velazco; Blanco (Schiavoni), Sagristani y Salega; Juncos (Palacio). El \u00fanico gol del partido lo anot\u00f3 Gonzalo Salega.<\/p>\n<p>Para el segundo encuentro, la alineaci\u00f3n fue: Ramos; Orensans, Camacho, Lorenzo y Murillo; Bustamante (Anacaratti), Alejandro Gonz\u00e1lez, Bautista Gonz\u00e1lez (Jaureguiberry), Schiavoni y Blanco; Ascacibar (Notta) y Palacio (Esteche). Los goles fueron obra de Joan Esteche y Alejo Blanco.<\/p>\n<p>Tras el esfuerzo, el plantel tuvo descanso hasta el lunes, cuando retomaron los entrenamientos en el Estadio Carlos V a partir de las 08:30.<\/p>\n<p><img loading=\"lazy\" decoding=\"async\" class=\"alignnone size-full wp-image-15512\" src=\"https:\/\/diariodelujan.com\/xdeporte\/wp-content\/uploads\/2025\/01\/pretemporada-2.webp\" alt=\"Flandria avanza en su pretemporada\" width=\"900\" height=\"610\" title=\"\" srcset=\"https:\/\/diariodelujan.com\/xdeporte\/wp-content\/uploads\/2025\/01\/pretemporada-2.webp 900w, https:\/\/diariodelujan.com\/xdeporte\/wp-content\/uploads\/2025\/01\/pretemporada-2-300x203.webp 300w, https:\/\/diariodelujan.com\/xdeporte\/wp-content\/uploads\/2025\/01\/pretemporada-2-768x521.webp 768w, https:\/\/diariodelujan.com\/xdeporte\/wp-content\/uploads\/2025\/01\/pretemporada-2-620x420.webp 620w, https:\/\/diariodelujan.com\/xdeporte\/wp-content\/uploads\/2025\/01\/pretemporada-2-696x472.webp 696w\" sizes=\"auto, (max-width: 900px) 100vw, 900px\" \/><\/p>\n<h3><span style=\"font-size: 14pt;\"><strong>Amistoso ante Olimpia: una experiencia internacional<\/strong><\/span><\/h3>\n<p>Flandria tambi\u00e9n midi\u00f3 fuerzas con Olimpia de Paraguay, el \u00faltimo campe\u00f3n del f\u00fatbol paraguayo, dirigido por Mart\u00edn Palermo y con jugadores de renombre como Dar\u00edo Benedetto, Lucas Pratto, Lisandro L\u00f3pez, Robert Rojas e Iv\u00e1n Leguizam\u00f3n. Este amistoso, disputado en el Hotel Hilton de Pilar, sirvi\u00f3 para que el Canario se probara ante un equipo de jerarqu\u00eda internacional.<\/p>\n<p>Se disputaron dos encuentros de 60 minutos cada uno, ambos ganados por Olimpia. En el primer partido, los paraguayos se impusieron 2-1 con goles de Dar\u00edo Benedetto y Derly Gonz\u00e1lez, mientras que Mariano Sagristani descont\u00f3 para Flandria. En el segundo encuentro, el \u00fanico gol fue obra de Antonio Bareiro.<\/p>\n<p>El DT Santiago Davio utiliz\u00f3 tres alineaciones distintas para evaluar su plantel en pretemporada:<\/p>\n<p>1. Primer equipo: Figueroa; Correa, Su\u00e1rez, Mariatti y Spitale; Nalerio y Velazco; Blanco, Bustamante y Salega; Palacio.<br \/>\n2. Segundo equipo: Figueroa (Ramos); Orensans, Morales, Lorenzo y Camacho; Sagristani, Alejandro Gonz\u00e1lez, Bautista Gonz\u00e1lez y L\u00f3pez; Ascacibar y Juncos.<br \/>\n3. Tercer equipo: Ramos; Chan, Morales, Camacho (Lorenzo) y Murillo; Jaureguiberry, P\u00e9rez, Anacaratti y Sagristani (B. Gonz\u00e1lez); Esteche y Notta.<\/p>\n<p><img loading=\"lazy\" decoding=\"async\" class=\"alignnone size-full wp-image-15513\" src=\"https:\/\/diariodelujan.com\/xdeporte\/wp-content\/uploads\/2025\/01\/pretemporada-3.webp\" alt=\"Flandria avanza en su pretemporada\" width=\"900\" height=\"617\" title=\"\" srcset=\"https:\/\/diariodelujan.com\/xdeporte\/wp-content\/uploads\/2025\/01\/pretemporada-3.webp 900w, https:\/\/diariodelujan.com\/xdeporte\/wp-content\/uploads\/2025\/01\/pretemporada-3-300x206.webp 300w, https:\/\/diariodelujan.com\/xdeporte\/wp-content\/uploads\/2025\/01\/pretemporada-3-768x527.webp 768w, https:\/\/diariodelujan.com\/xdeporte\/wp-content\/uploads\/2025\/01\/pretemporada-3-613x420.webp 613w, https:\/\/diariodelujan.com\/xdeporte\/wp-content\/uploads\/2025\/01\/pretemporada-3-218x150.webp 218w, https:\/\/diariodelujan.com\/xdeporte\/wp-content\/uploads\/2025\/01\/pretemporada-3-696x477.webp 696w\" sizes=\"auto, (max-width: 900px) 100vw, 900px\" \/><\/p>\n<h3><strong><span style=\"font-size: 14pt;\">Objetivos de la pretemporada<\/span><\/strong><\/h3>\n<p>El Canario contin\u00faa su puesta a punto con una planificaci\u00f3n detallada de entrenamientos y amistosos. Esta pretemporada es clave para la preparaci\u00f3n f\u00edsica y t\u00e1ctica del equipo, permitiendo al cuerpo t\u00e9cnico evaluar nuevas incorporaciones y ajustar el sistema de juego.<\/p>\n<p>El inicio del torneo de la Primera B Metropolitana est\u00e1 cada vez m\u00e1s cerca, y Flandria busca llegar en la mejor forma posible para su debut ante Sportivo Italiano. Con rivales de jerarqu\u00eda en sus amistosos, el equipo se fortalece en cada presentaci\u00f3n y ajusta los \u00faltimos detalles para una temporada desafiante.<\/p>\n","protected":false},"excerpt":{"rendered":"<p>El Club Flandria intensifica su preparaci\u00f3n con una exigente pretemporada de cara a su debut en la temporada 2025 de la Primera B Metropolitana.<\/p>\n","protected":false},"author":4,"featured_media":15511,"comment_status":"closed","ping_status":"closed","sticky":false,"template":"","format":"standard","meta":{"tdm_status":"","tdm_grid_status":"","footnotes":""},"categories":[8,2],"tags":[172,173,411],"class_list":{"0":"post-15504","1":"post","2":"type-post","3":"status-publish","4":"format-standard","5":"has-post-thumbnail","7":"category-futbol","8":"category-featured","9":"tag-flandria","10":"tag-futbol","11":"tag-pretemporada"},"_links":{"self":[{"href":"https:\/\/diariodelujan.com\/xdeporte\/wp-json\/wp\/v2\/posts\/15504","targetHints":{"allow":["GET"]}}],"collection":[{"href":"https:\/\/diariodelujan.com\/xdeporte\/wp-json\/wp\/v2\/posts"}],"about":[{"href":"https:\/\/diariodelujan.com\/xdeporte\/wp-json\/wp\/v2\/types\/post"}],"author":[{"embeddable":true,"href":"https:\/\/diariodelujan.com\/xdeporte\/wp-json\/wp\/v2\/users\/4"}],"replies":[{"embeddable":true,"href":"https:\/\/diariodelujan.com\/xdeporte\/wp-json\/wp\/v2\/comments?post=15504"}],"version-history":[{"count":9,"href":"https:\/\/diariodelujan.com\/xdeporte\/wp-json\/wp\/v2\/posts\/15504\/revisions"}],"predecessor-version":[{"id":15516,"href":"https:\/\/diariodelujan.com\/xdeporte\/wp-json\/wp\/v2\/posts\/15504\/revisions\/15516"}],"wp:featuredmedia":[{"embeddable":true,"href":"https:\/\/diariodelujan.com\/xdeporte\/wp-json\/wp\/v2\/media\/15511"}],"wp:attachment":[{"href":"https:\/\/diariodelujan.com\/xdeporte\/wp-json\/wp\/v2\/media?parent=15504"}],"wp:term":[{"taxonomy":"category","embeddable":true,"href":"https:\/\/diariodelujan.com\/xdeporte\/wp-json\/wp\/v2\/categories?post=15504"},{"taxonomy":"post_tag","embeddable":true,"href":"https:\/\/diariodelujan.com\/xdeporte\/wp-json\/wp\/v2\/tags?post=15504"}],"curies":[{"name":"wp","href":"https:\/\/api.w.org\/{rel}","templated":true}]}}