{"id":15578,"date":"2025-02-08T11:20:02","date_gmt":"2025-02-08T14:20:02","guid":{"rendered":"https:\/\/diariodelujan.com\/xdeporte\/?p=15578"},"modified":"2025-02-08T22:16:55","modified_gmt":"2025-02-09T01:16:55","slug":"arranca-otra-ilusion-en-la-primera-b","status":"publish","type":"post","link":"https:\/\/diariodelujan.com\/xdeporte\/arranca-otra-ilusion-en-la-primera-b\/","title":{"rendered":"Flandria arranca otra ilusi\u00f3n en la Primera B 2025 de local"},"content":{"rendered":"<p><span style=\"font-family: georgia, palatino, serif; font-size: 14pt;\"><em>El ansiado regreso de la Primera B Metropolitana est\u00e1 a la vuelta de la esquina, y Flandria est\u00e1 listo para debutar en la temporada 2025 con un equipo renovado.<\/em><\/span><\/p>\n<p><!--more--><\/p>\n<p>Este s\u00e1bado, desde las 17:00 horas, el Canario recibe a Sportivo Italiano en el Estadio Carlos V, con el arbitraje de Wenceslao Meneces. La expectativa es alta, y el equipo dirigido por Santiago Davio buscar\u00e1 comenzar el torneo con una victoria en casa.<\/p>\n<h3><strong>Un plantel con muchas caras nuevas<\/strong><\/h3>\n<p>Para esta temporada, Flandria ha realizado una profunda renovaci\u00f3n en su plantilla. M\u00e1s de 20 jugadores dejaron la instituci\u00f3n, y el club incorpor\u00f3 13 refuerzos para fortalecer su estructura. Entre las bajas m\u00e1s significativas se encuentran la salida de Emiliano Su\u00e1rez, quien fue transferido a Talleres de C\u00f3rdoba, y la de Eugenio Raggio, que emigr\u00f3 a Deportivo Cuenca de Ecuador. Adem\u00e1s, el arquero Federico D\u00edaz, ex Flandria, ahora defender\u00e1 los colores de Sportivo Italiano, su rival de turno.<\/p>\n<p>Entre los nuevos fichajes, destacan nombres como Franco Schiavoni (Villa Mitre), Alejo Blanco (Hurac\u00e1n Las Heras), Mat\u00edas Mariatti (Defensores Unidos) y Jonatan Palacio (Deportivo Madryn). Estos refuerzos se suman a la base del equipo que disput\u00f3 la pretemporada, con la intenci\u00f3n de consolidar un plantel competitivo en la lucha por el ascenso.<\/p>\n<h3><strong>La formaci\u00f3n inicial y las bajas para el debut<\/strong><\/h3>\n<p>Para el partido inaugural, Davio mantendr\u00eda el esquema trabajado durante los amistosos de pretemporada. Sin embargo, tendr\u00e1 algunas bajas importantes. Mat\u00edas L\u00f3pez sufri\u00f3 la rotura del ligamento cruzado anterior de su rodilla derecha y estar\u00e1 fuera de las canchas por un largo periodo. A esto se suman Alejandro Gonz\u00e1lez, en recuperaci\u00f3n de una distensi\u00f3n, y Franco Schiavone, afectado por una contractura.<\/p>\n<p><img loading=\"lazy\" decoding=\"async\" class=\"alignright size-medium wp-image-23455\" src=\"https:\/\/diariodelujan.com\/wp-content\/uploads\/2025\/02\/convocados-240x300.jpg\" alt=\"\" width=\"240\" height=\"300\" title=\"\"><\/p>\n<p><strong>Ante esta situaci\u00f3n, <a href=\"https:\/\/clubflandria.com.ar\/\" target=\"_blank\" rel=\"noopener\">Flandria<\/a> formar\u00eda con:<\/strong><\/p>\n<p><strong>Juan Figueroa; Mart\u00edn Correa, Andr\u00e9s Camacho, Mat\u00edas Mariatti y Dante Spitale; Alejandro Nalerio, Nicol\u00e1s Velazco, Alejo Blanco y Mariano Sagristani; Gonzalo Salega y Jonatan Palacio.<\/strong><\/p>\n<h3><strong>La Primera B con novedades en el formato<\/strong><\/h3>\n<p>La edici\u00f3n 2025 de la Primera B Metropolitana contar\u00e1 con la participaci\u00f3n de 21 equipos y se disputar\u00e1 en dos torneos: Apertura y Clausura, similar a la temporada anterior. No obstante, esta vez habr\u00e1 dos ascensos y dos descensos.<\/p>\n<p>El primer ascenso se definir\u00e1 en una final entre los ganadores de ambos torneos, mientras que el segundo se otorgar\u00e1 mediante un Reducido, sin necesidad de enfrentar a un equipo del Federal A. Por otro lado, los dos \u00faltimos de la tabla anual perder\u00e1n la categor\u00eda.<\/p>\n<p>El Torneo Apertura dar\u00e1 inicio el fin de semana del 8 y 9 de febrero. En la primera fecha, Flandria jugar\u00e1 de local ante Sportivo Italiano, mientras que en la segunda jornada visitar\u00e1 a UAI Urquiza.<\/p>\n<h3><strong>El fixture de Flandria en el Apertura 2025<\/strong><\/h3>\n<p>1\u00b0 fecha &#8211; Sportivo Italiano (L) 2\u00b0 fecha &#8211; UAI Urquiza (V) 3\u00b0 fecha &#8211; Real Pilar FC (L) 4\u00b0 fecha &#8211; Villa San Carlos (V) 5\u00b0 fecha &#8211; Dock Sud (L) 6\u00b0 fecha &#8211; Deportivo Merlo (V) 7\u00b0 fecha &#8211; Sacachispas (L) 8\u00b0 fecha &#8211; San Mart\u00edn de Burzaco (V) 9\u00b0 fecha &#8211; Deportivo Armenio (L) 10\u00b0 fecha &#8211; Comunicaciones (V) 11\u00b0 fecha &#8211; Liniers (L) 12\u00b0 fecha &#8211; Laferrere (V) 13\u00b0 fecha &#8211; F\u00e9nix (L) 14\u00b0 fecha &#8211; Libre 15\u00b0 fecha &#8211; Villa D\u00e1lmine (V) 16\u00b0 fecha &#8211; Argentino de Quilmes (L) 17\u00b0 fecha &#8211; Argentino de Merlo (V) 18\u00b0 fecha &#8211; Brown de Adrogu\u00e9 (L) 19\u00b0 fecha &#8211; Acassuso (V) 20\u00b0 fecha &#8211; Excursionistas (L) 21\u00b0 fecha &#8211; Ferrocarril Midland (V)<\/p>\n<p>El Torneo Clausura se jugar\u00e1 con el mismo orden de partidos, invirtiendo la local\u00eda.<\/p>\n<h3><strong>Expectativas y objetivos del Canario<\/strong><\/h3>\n<p>Flandria llega con el firme objetivo de ser protagonista en esta temporada de la Primera B Metropolitana. Con una plantilla rejuvenecida y la conducci\u00f3n de Santiago Davio, el equipo buscar\u00e1 meterse en la pelea por el ascenso a la Primera Nacional.<\/p>\n<p>El Canario ha demostrado ser un club con aspiraciones en los \u00faltimos a\u00f1os, y el desaf\u00edo de esta temporada ser\u00e1 consolidar su rendimiento en un torneo competitivo y exigente. Con el debut a la vuelta de la esquina, los hinchas sue\u00f1an con un inicio triunfal y un a\u00f1o lleno de alegr\u00edas.<\/p>\n<p>El puntapi\u00e9 inicial est\u00e1 dado. La <a href=\"https:\/\/diariodelujan.com\/santiago-davio-dt-flandria-2025\/\">Primera B Metropolitana<\/a> 2025 comienza, y Flandria est\u00e1 listo para dar pelea.<\/p>\n<p><span style=\"color: #808080;\"><em>Foto: Prensa Club Flandria<\/em><\/span><\/p>\n","protected":false},"excerpt":{"rendered":"<p>El ansiado regreso de la Primera B Metropolitana est\u00e1 a la vuelta de la esquina, y Flandria est\u00e1 listo para debutar en la temporada 2025 con un equipo renovado.<\/p>\n","protected":false},"author":4,"featured_media":15581,"comment_status":"closed","ping_status":"closed","sticky":false,"template":"","format":"standard","meta":{"tdm_status":"","tdm_grid_status":"","footnotes":""},"categories":[8],"tags":[172,173,198],"class_list":{"0":"post-15578","1":"post","2":"type-post","3":"status-publish","4":"format-standard","5":"has-post-thumbnail","7":"category-futbol","8":"tag-flandria","9":"tag-futbol","10":"tag-primera-b"},"_links":{"self":[{"href":"https:\/\/diariodelujan.com\/xdeporte\/wp-json\/wp\/v2\/posts\/15578","targetHints":{"allow":["GET"]}}],"collection":[{"href":"https:\/\/diariodelujan.com\/xdeporte\/wp-json\/wp\/v2\/posts"}],"about":[{"href":"https:\/\/diariodelujan.com\/xdeporte\/wp-json\/wp\/v2\/types\/post"}],"author":[{"embeddable":true,"href":"https:\/\/diariodelujan.com\/xdeporte\/wp-json\/wp\/v2\/users\/4"}],"replies":[{"embeddable":true,"href":"https:\/\/diariodelujan.com\/xdeporte\/wp-json\/wp\/v2\/comments?post=15578"}],"version-history":[{"count":3,"href":"https:\/\/diariodelujan.com\/xdeporte\/wp-json\/wp\/v2\/posts\/15578\/revisions"}],"predecessor-version":[{"id":15582,"href":"https:\/\/diariodelujan.com\/xdeporte\/wp-json\/wp\/v2\/posts\/15578\/revisions\/15582"}],"wp:featuredmedia":[{"embeddable":true,"href":"https:\/\/diariodelujan.com\/xdeporte\/wp-json\/wp\/v2\/media\/15581"}],"wp:attachment":[{"href":"https:\/\/diariodelujan.com\/xdeporte\/wp-json\/wp\/v2\/media?parent=15578"}],"wp:term":[{"taxonomy":"category","embeddable":true,"href":"https:\/\/diariodelujan.com\/xdeporte\/wp-json\/wp\/v2\/categories?post=15578"},{"taxonomy":"post_tag","embeddable":true,"href":"https:\/\/diariodelujan.com\/xdeporte\/wp-json\/wp\/v2\/tags?post=15578"}],"curies":[{"name":"wp","href":"https:\/\/api.w.org\/{rel}","templated":true}]}}