{"id":15585,"date":"2025-02-08T22:12:24","date_gmt":"2025-02-09T01:12:24","guid":{"rendered":"https:\/\/diariodelujan.com\/xdeporte\/?p=15585"},"modified":"2025-02-08T22:15:39","modified_gmt":"2025-02-09T01:15:39","slug":"flandria-arranco-el-torneo","status":"publish","type":"post","link":"https:\/\/diariodelujan.com\/xdeporte\/flandria-arranco-el-torneo\/","title":{"rendered":"Flandria arranc\u00f3 el torneo con un empate"},"content":{"rendered":"<p><span style=\"font-family: georgia, palatino, serif; font-size: 14pt;\"><em>En la tarde del s\u00e1bado, <a href=\"https:\/\/www.facebook.com\/ClubsydFlandria\" target=\"_blank\" rel=\"noopener\">Flandria<\/a> arranc\u00f3 el torneo con un empate en 1 ante Sportivo Italiano. En la segunda fecha, visitar\u00e1 a UAI Urquiza.<\/em><\/span><\/p>\n<p><!--more--><\/p>\n<p>En su primer partido oficial del a\u00f1o, <a href=\"https:\/\/diariodelujan.com\/xdeporte\/arranca-otra-ilusion-en-la-primera-b\/\" target=\"_blank\" rel=\"noopener\">Flandria arranc\u00f3 el torneo recibiendo a Sportivo Italiano<\/a> en el Carlos V.<\/p>\n<p>El primer tiempo comenz\u00f3 con intensidad, con ambos equipos buscando imponer su juego en la mitad de la cancha. La intenci\u00f3n era clara: adue\u00f1arse de la posesi\u00f3n y aprovechar la velocidad para generar errores en la \u00faltima l\u00ednea rival.<\/p>\n<p>No obstante, pese a algunas aproximaciones, los primeros 45 minutos dejaron en evidencia la falta de ritmo y de conexiones entre los jugadores, lo que deriv\u00f3 en una etapa inicial sin grandes emociones.<\/p>\n<p>En la segunda mitad, Flandria tom\u00f3 la iniciativa y sali\u00f3 decidido a controlar el bal\u00f3n y el desarrollo del partido. Su esfuerzo dio frutos a los 27 minutos, cuando Palacio envi\u00f3 un preciso centro desde la izquierda. Ascac\u00edbar control\u00f3 dentro del \u00e1rea, eludi\u00f3 a dos defensores y defini\u00f3 con precisi\u00f3n junto al palo derecho, desatando la celebraci\u00f3n en el estadio Carlos V.<\/p>\n<h3><strong>Flandria arranc\u00f3 el torneo con un empate tras el 1-1<\/strong><\/h3>\n<p>El <em>Canario<\/em>\u00a0parec\u00eda tener todo bajo control, pero con el correr de los minutos el desgaste f\u00edsico comenz\u00f3 a hacerse notar. A los 33, la visita encontr\u00f3 el empate desde el punto penal, con una ejecuci\u00f3n efectiva de Emanuel D\u00edaz. Ese gol marc\u00f3 el final del encuentro en t\u00e9rminos de intensidad, ya que ninguno de los dos equipos mostr\u00f3 resto f\u00edsico para ir por m\u00e1s.<\/p>\n","protected":false},"excerpt":{"rendered":"<p>En la tarde del s\u00e1bado, Flandria arranc\u00f3 el torneo con un empate en 1 ante Sportivo Italiano. En la segunda fecha, visitar\u00e1 a UAI Urquiza.<\/p>\n","protected":false},"author":3,"featured_media":15587,"comment_status":"closed","ping_status":"closed","sticky":false,"template":"","format":"standard","meta":{"tdm_status":"","tdm_grid_status":"","footnotes":""},"categories":[2,8],"tags":[171,189,172,173,239,198],"class_list":{"0":"post-15585","1":"post","2":"type-post","3":"status-publish","4":"format-standard","5":"has-post-thumbnail","7":"category-featured","8":"category-futbol","9":"tag-canario","10":"tag-empate","11":"tag-flandria","12":"tag-futbol","13":"tag-italiano","14":"tag-primera-b"},"_links":{"self":[{"href":"https:\/\/diariodelujan.com\/xdeporte\/wp-json\/wp\/v2\/posts\/15585","targetHints":{"allow":["GET"]}}],"collection":[{"href":"https:\/\/diariodelujan.com\/xdeporte\/wp-json\/wp\/v2\/posts"}],"about":[{"href":"https:\/\/diariodelujan.com\/xdeporte\/wp-json\/wp\/v2\/types\/post"}],"author":[{"embeddable":true,"href":"https:\/\/diariodelujan.com\/xdeporte\/wp-json\/wp\/v2\/users\/3"}],"replies":[{"embeddable":true,"href":"https:\/\/diariodelujan.com\/xdeporte\/wp-json\/wp\/v2\/comments?post=15585"}],"version-history":[{"count":5,"href":"https:\/\/diariodelujan.com\/xdeporte\/wp-json\/wp\/v2\/posts\/15585\/revisions"}],"predecessor-version":[{"id":15591,"href":"https:\/\/diariodelujan.com\/xdeporte\/wp-json\/wp\/v2\/posts\/15585\/revisions\/15591"}],"wp:featuredmedia":[{"embeddable":true,"href":"https:\/\/diariodelujan.com\/xdeporte\/wp-json\/wp\/v2\/media\/15587"}],"wp:attachment":[{"href":"https:\/\/diariodelujan.com\/xdeporte\/wp-json\/wp\/v2\/media?parent=15585"}],"wp:term":[{"taxonomy":"category","embeddable":true,"href":"https:\/\/diariodelujan.com\/xdeporte\/wp-json\/wp\/v2\/categories?post=15585"},{"taxonomy":"post_tag","embeddable":true,"href":"https:\/\/diariodelujan.com\/xdeporte\/wp-json\/wp\/v2\/tags?post=15585"}],"curies":[{"name":"wp","href":"https:\/\/api.w.org\/{rel}","templated":true}]}}