{"id":15603,"date":"2025-02-14T11:33:15","date_gmt":"2025-02-14T14:33:15","guid":{"rendered":"https:\/\/diariodelujan.com\/xdeporte\/?p=15603"},"modified":"2025-02-15T10:42:27","modified_gmt":"2025-02-15T13:42:27","slug":"flandria-visita-a-uai-urquiza","status":"publish","type":"post","link":"https:\/\/diariodelujan.com\/xdeporte\/flandria-visita-a-uai-urquiza\/","title":{"rendered":"Flandria visita a UAI Urquiza en busca de su primer triunfo en el Apertura"},"content":{"rendered":"<p><span style=\"font-family: georgia, palatino, serif; font-size: 14pt;\"><em>Este viernes a las 17:00 horas, por la segunda fecha del Torneo Apertura de la Primera B Metropolitana, Flandria visitar\u00e1 a UAI Urquiza en el Estadio Monumental de Villa Lynch.<\/em><\/span><\/p>\n<p><!--more--><\/p>\n<p>Luego de un debut\u00a0 ante Sportivo Italiano, el equipo dirigido por Santiago Davio buscar\u00e1 su primera victoria del certamen.<\/p>\n<h3><strong>Un Flandria con sed de revancha<\/strong><\/h3>\n<p>El Canario no tuvo el estreno esperado en el campeonato, ya que empat\u00f3 en casa <a href=\"https:\/\/diariodelujan.com\/flandria-arranco-el-torneo\/\">ante Sportivo Italiano<\/a> en un partido que dej\u00f3 m\u00e1s dudas que certezas. Ahora, con poco tiempo de recuperaci\u00f3n, el equipo de J\u00e1uregui se alista para enfrentar a un UAI Urquiza que viene de caer ante F\u00e9nix y que buscar\u00e1 hacerse fuerte como local.<\/p>\n<p>Si bien a\u00fan no hay confirmaciones oficiales, todo indica que Santiago Davio repetir\u00e1 la misma formaci\u00f3n que aline\u00f3 en la primera jornada. La idea es darle continuidad a un equipo que mostr\u00f3 orden defensivo y algunas buenas asociaciones en el mediocampo, pero que necesita mejorar en la generaci\u00f3n de juego y contundencia ofensiva.<\/p>\n<h3><strong>Bajas sensibles en el plantel<\/strong><\/h3>\n<p>En cuanto a las bajas, Flandria sufri\u00f3 la p\u00e9rdida de Mat\u00edas L\u00f3pez, quien sufri\u00f3 la rotura del ligamento cruzado anterior de la rodilla izquierda y deber\u00e1 ser operado. Adem\u00e1s, Alejandro Gonz\u00e1lez y Franco Schiavoni contin\u00faan recuper\u00e1ndose de lesiones en los aductores, por lo que no estar\u00e1n disponibles para el encuentro ante el Furg\u00f3n.<\/p>\n<p>Por el lado del local, <a href=\"https:\/\/www.uaiurquiza.com\/\" target=\"_blank\" rel=\"noopener\">UAI Urquiza<\/a> necesita recomponerse tras su ca\u00edda en el debut y espera capitalizar la local\u00eda para sumar sus primeros puntos en el certamen. El arbitraje estar\u00e1 a cargo de Gast\u00f3n Iglesias, quien ser\u00e1 el encargado de impartir justicia en un encuentro que promete intensidad y emoci\u00f3n.<\/p>\n<h3><strong>Formaci\u00f3n probable de Flandria<\/strong><\/h3>\n<p>De no mediar cambios de \u00faltimo momento, el once inicial del Canario ser\u00eda el siguiente:<\/p>\n<ul>\n<li><strong>Arquero:<\/strong> Tom\u00e1s Figueroa<\/li>\n<li><strong>Defensores:<\/strong> Mart\u00edn Correa, Andr\u00e9s Camacho, Mat\u00edas Mariatti y Dante Spitale<\/li>\n<li><strong>Mediocampistas:<\/strong> Nicol\u00e1s Velazco, Alejandro Nalerio, Alejo Blanco y Gonzalo Salega<\/li>\n<li><strong>Delanteros:<\/strong> Mariano Sagristiani y Jonathan Palacio<\/li>\n<li><strong>DT:<\/strong> Santiago Davio<\/li>\n<\/ul>\n<p><img loading=\"lazy\" decoding=\"async\" class=\"alignnone size-full wp-image-23678\" src=\"https:\/\/diariodelujan.com\/wp-content\/uploads\/2025\/02\/convocados-flandria.webp\" alt=\"Convocados flandria\" width=\"650\" height=\"813\" title=\"\"><\/p>\n<h3><strong>Pr\u00f3ximo desaf\u00edo: Real Pilar en J\u00e1uregui<\/strong><\/h3>\n<p>Una vez finalizado el encuentro ante UAI Urquiza, Flandria deber\u00e1 enfocarse r\u00e1pidamente en su siguiente compromiso. El pr\u00f3ximo martes, nuevamente desde las 17:00 horas, ser\u00e1 anfitri\u00f3n de Real Pilar en un duelo adelantado de la tercera fecha. El Monarca, reci\u00e9n ascendido a la Primera B Metropolitana, llega con el objetivo de sorprender en la categor\u00eda y ser\u00e1 un rival de cuidado para el conjunto de J\u00e1uregui.<\/p>\n<p>Con la necesidad de sumar de a tres, Flandria encara una semana clave para sus aspiraciones en el Torneo Apertura. La expectativa crece entre los hinchas, que esperan ver a su equipo afianzarse en el campeonato y pelear por los primeros puestos.<\/p>\n","protected":false},"excerpt":{"rendered":"<p>Este viernes a las 17:00 horas, por la segunda fecha del Torneo Apertura de la Primera B Metropolitana, Flandria visitar\u00e1 a UAI Urquiza en el Estadio Monumental de Villa Lynch.<\/p>\n","protected":false},"author":4,"featured_media":15604,"comment_status":"closed","ping_status":"closed","sticky":false,"template":"","format":"standard","meta":{"tdm_status":"","tdm_grid_status":"","footnotes":""},"categories":[8],"tags":[172,173,192],"class_list":{"0":"post-15603","1":"post","2":"type-post","3":"status-publish","4":"format-standard","5":"has-post-thumbnail","7":"category-futbol","8":"tag-flandria","9":"tag-futbol","10":"tag-uai-urquiza"},"_links":{"self":[{"href":"https:\/\/diariodelujan.com\/xdeporte\/wp-json\/wp\/v2\/posts\/15603","targetHints":{"allow":["GET"]}}],"collection":[{"href":"https:\/\/diariodelujan.com\/xdeporte\/wp-json\/wp\/v2\/posts"}],"about":[{"href":"https:\/\/diariodelujan.com\/xdeporte\/wp-json\/wp\/v2\/types\/post"}],"author":[{"embeddable":true,"href":"https:\/\/diariodelujan.com\/xdeporte\/wp-json\/wp\/v2\/users\/4"}],"replies":[{"embeddable":true,"href":"https:\/\/diariodelujan.com\/xdeporte\/wp-json\/wp\/v2\/comments?post=15603"}],"version-history":[{"count":2,"href":"https:\/\/diariodelujan.com\/xdeporte\/wp-json\/wp\/v2\/posts\/15603\/revisions"}],"predecessor-version":[{"id":15606,"href":"https:\/\/diariodelujan.com\/xdeporte\/wp-json\/wp\/v2\/posts\/15603\/revisions\/15606"}],"wp:featuredmedia":[{"embeddable":true,"href":"https:\/\/diariodelujan.com\/xdeporte\/wp-json\/wp\/v2\/media\/15604"}],"wp:attachment":[{"href":"https:\/\/diariodelujan.com\/xdeporte\/wp-json\/wp\/v2\/media?parent=15603"}],"wp:term":[{"taxonomy":"category","embeddable":true,"href":"https:\/\/diariodelujan.com\/xdeporte\/wp-json\/wp\/v2\/categories?post=15603"},{"taxonomy":"post_tag","embeddable":true,"href":"https:\/\/diariodelujan.com\/xdeporte\/wp-json\/wp\/v2\/tags?post=15603"}],"curies":[{"name":"wp","href":"https:\/\/api.w.org\/{rel}","templated":true}]}}