{"id":15616,"date":"2025-02-18T19:49:24","date_gmt":"2025-02-18T22:49:24","guid":{"rendered":"https:\/\/diariodelujan.com\/xdeporte\/?p=15616"},"modified":"2025-02-22T16:51:40","modified_gmt":"2025-02-22T19:51:40","slug":"flandria-perdio-vs-real-pilar","status":"publish","type":"post","link":"https:\/\/diariodelujan.com\/xdeporte\/flandria-perdio-vs-real-pilar\/","title":{"rendered":"Flandria lo busc\u00f3, pero Real Pilar se llev\u00f3 el triunfo"},"content":{"rendered":"<h4 data-pm-slice=\"1 1 []\"><span style=\"font-family: georgia, palatino, serif;\"><em><a href=\"https:\/\/www.facebook.com\/ClubsydFlandria\" target=\"_blank\" rel=\"noopener\">Flandria<\/a> no logr\u00f3 hacerse fuerte de local y cay\u00f3 1-0 ante Real Pilar en un encuentro donde tuvo el control del bal\u00f3n, pero le falt\u00f3 claridad en los \u00faltimos metros.<\/em><\/span><\/h4>\n<p data-pm-slice=\"1 1 []\"><!--more--><\/p>\n<p data-pm-slice=\"1 1 []\">En la tarde del martes, Flandria recibi\u00f3 al Monarca en el Carlos V, con la intenci\u00f3n de repetir lo <a href=\"https:\/\/diariodelujan.com\/xdeporte\/flandria-fecha-2\/\" target=\"_blank\" rel=\"noopener\">acontecido ante <em>el Furg\u00f3n <\/em><\/a>y sumar los primeros tres tantos de local.<\/p>\n<p data-pm-slice=\"1 1 []\"><em>El Canario<\/em> intent\u00f3 imponer condiciones desde el inicio, aunque no encontr\u00f3 los espacios necesarios para inquietar al arquero visitante. Con el correr de los minutos, la visita se asent\u00f3 mejor en el campo y empez\u00f3 a generar peligro en el \u00e1rea defendida por Tom\u00e1s Figueroa.<\/p>\n<p>La apertura del marcador lleg\u00f3 tras una gran acci\u00f3n individual de Smith, quien filtr\u00f3 un pase preciso para Brian Mart\u00edn. Con velocidad, el delantero dej\u00f3 atr\u00e1s a la \u00faltima l\u00ednea de Flandria, enfrent\u00f3 a Figueroa y defini\u00f3 con un remate cruzado para establecer el 1-0 a favor de Real Pilar.<\/p>\n<p>Con el resultado en contra, el conjunto de J\u00e1uregui intent\u00f3 reaccionar, pero se encontr\u00f3 con la firme respuesta de Cano bajo los tres palos. Mientras tanto, la visita tuvo la oportunidad de ampliar la ventaja con un nuevo intento de Mart\u00edn, cuyo remate sali\u00f3 apenas desviado. As\u00ed, con la m\u00ednima diferencia en el marcador, ambos equipos se marcharon al descanso.<\/p>\n<p>En el complemento, Real Pilar apost\u00f3 por la solidez defensiva y le cedi\u00f3 la iniciativa a Flandria, que manej\u00f3 el bal\u00f3n sin lograr traducir ese dominio en el empate. Mariano Ascac\u00edbar, quien ingres\u00f3 en la segunda mitad, tuvo una de las chances m\u00e1s claras con un remate desde la puerta del \u00e1rea que pas\u00f3 muy cerca del arco.<\/p>\n<p>M\u00e1s tarde, un tiro libre ejecutado desde la derecha impact\u00f3 en el poste, dejando sin reacci\u00f3n a Cano. A pesar de monopolizar la posesi\u00f3n y controlar el terreno de juego, el Canario careci\u00f3 de precisi\u00f3n en la definici\u00f3n y termin\u00f3 pagando cara su falta de eficacia.<\/p>\n<p>Con este resultado, Real Pilar se llev\u00f3 tres puntos valiosos y dej\u00f3 a Flandria con la obligaci\u00f3n de ajustar detalles de cara a los pr\u00f3ximos compromisos.<\/p>\n","protected":false},"excerpt":{"rendered":"<p>Flandria no logr\u00f3 hacerse fuerte de local y cay\u00f3 1-0 ante Real Pilar en un encuentro donde tuvo el control del bal\u00f3n, pero le falt\u00f3 claridad en los \u00faltimos metros.<\/p>\n","protected":false},"author":3,"featured_media":15617,"comment_status":"closed","ping_status":"closed","sticky":false,"template":"","format":"standard","meta":{"tdm_status":"","tdm_grid_status":"","footnotes":""},"categories":[8],"tags":[171,172,173,198,246],"class_list":{"0":"post-15616","1":"post","2":"type-post","3":"status-publish","4":"format-standard","5":"has-post-thumbnail","7":"category-futbol","8":"tag-canario","9":"tag-flandria","10":"tag-futbol","11":"tag-primera-b","12":"tag-real-pilar"},"_links":{"self":[{"href":"https:\/\/diariodelujan.com\/xdeporte\/wp-json\/wp\/v2\/posts\/15616","targetHints":{"allow":["GET"]}}],"collection":[{"href":"https:\/\/diariodelujan.com\/xdeporte\/wp-json\/wp\/v2\/posts"}],"about":[{"href":"https:\/\/diariodelujan.com\/xdeporte\/wp-json\/wp\/v2\/types\/post"}],"author":[{"embeddable":true,"href":"https:\/\/diariodelujan.com\/xdeporte\/wp-json\/wp\/v2\/users\/3"}],"replies":[{"embeddable":true,"href":"https:\/\/diariodelujan.com\/xdeporte\/wp-json\/wp\/v2\/comments?post=15616"}],"version-history":[{"count":2,"href":"https:\/\/diariodelujan.com\/xdeporte\/wp-json\/wp\/v2\/posts\/15616\/revisions"}],"predecessor-version":[{"id":15619,"href":"https:\/\/diariodelujan.com\/xdeporte\/wp-json\/wp\/v2\/posts\/15616\/revisions\/15619"}],"wp:featuredmedia":[{"embeddable":true,"href":"https:\/\/diariodelujan.com\/xdeporte\/wp-json\/wp\/v2\/media\/15617"}],"wp:attachment":[{"href":"https:\/\/diariodelujan.com\/xdeporte\/wp-json\/wp\/v2\/media?parent=15616"}],"wp:term":[{"taxonomy":"category","embeddable":true,"href":"https:\/\/diariodelujan.com\/xdeporte\/wp-json\/wp\/v2\/categories?post=15616"},{"taxonomy":"post_tag","embeddable":true,"href":"https:\/\/diariodelujan.com\/xdeporte\/wp-json\/wp\/v2\/tags?post=15616"}],"curies":[{"name":"wp","href":"https:\/\/api.w.org\/{rel}","templated":true}]}}