{"id":15633,"date":"2025-02-21T12:31:07","date_gmt":"2025-02-21T15:31:07","guid":{"rendered":"https:\/\/diariodelujan.com\/xdeporte\/?p=15633"},"modified":"2025-02-22T10:32:59","modified_gmt":"2025-02-22T13:32:59","slug":"transpampeana-en-torres","status":"publish","type":"post","link":"https:\/\/diariodelujan.com\/xdeporte\/transpampeana-en-torres\/","title":{"rendered":"Ciclismo: Torres ser\u00e1 el punto de partida del desaf\u00edo \u201cTranspampeana\u201d"},"content":{"rendered":"<p><span style=\"font-family: georgia, palatino, serif; font-size: 14pt;\"><em>La localidad de Torres ser\u00e1 el escenario del inicio de \u201cTranspampeana\u201d, una exigente competencia de ciclismo que recorrer\u00e1 500 kil\u00f3metros de caminos rurales en la provincia de Buenos Aires.<\/em><\/span><\/p>\n<p><!--more--><\/p>\n<p>El evento se desarrollar\u00e1 del s\u00e1bado 1 al martes 4 de marzo, y contar\u00e1 con cuatro etapas que unir\u00e1n Torres con Pellegrini, en el oeste bonaerense, cerca del l\u00edmite con La Pampa.<\/p>\n<h3><strong><span style=\"font-size: 14pt;\">El circuito de la Transpampeana<\/span><\/strong><\/h3>\n<p>En este sentido, las etapas de la Transpampeana planificadas son las siguientes: Torres &#8211; Alberti; Bragado &#8211; Carlos Casares; Carlos Casares &#8211; Trenque Lauquen; Trenque Lauquen &#8211; Pellegrini.<\/p>\n<p><img loading=\"lazy\" decoding=\"async\" class=\"alignnone wp-image-15641 size-full\" src=\"https:\/\/diariodelujan.com\/xdeporte\/wp-content\/uploads\/2025\/02\/ETAPA-1-copia-1024x648-1.webp\" alt=\"Etapa 1 de Transpampeana\" width=\"1024\" height=\"648\" title=\"\" srcset=\"https:\/\/diariodelujan.com\/xdeporte\/wp-content\/uploads\/2025\/02\/ETAPA-1-copia-1024x648-1.webp 1024w, https:\/\/diariodelujan.com\/xdeporte\/wp-content\/uploads\/2025\/02\/ETAPA-1-copia-1024x648-1-300x190.webp 300w, https:\/\/diariodelujan.com\/xdeporte\/wp-content\/uploads\/2025\/02\/ETAPA-1-copia-1024x648-1-768x486.webp 768w, https:\/\/diariodelujan.com\/xdeporte\/wp-content\/uploads\/2025\/02\/ETAPA-1-copia-1024x648-1-664x420.webp 664w, https:\/\/diariodelujan.com\/xdeporte\/wp-content\/uploads\/2025\/02\/ETAPA-1-copia-1024x648-1-696x440.webp 696w\" sizes=\"auto, (max-width: 1024px) 100vw, 1024px\" \/><\/p>\n<p>El Secretario de Desarrollo Humano del Municipio, Federico Vanin, valor\u00f3 la iniciativa: \u201cSeguimos apostando por posicionar a Luj\u00e1n como sede de grandes eventos deportivos. En este caso, con una competencia cicl\u00edstica que no solo recorrer\u00e1 el interior bonaerense, sino que tambi\u00e9n impulsar\u00e1 el turismo rural y generar\u00e1 actividad en los sectores hotelero y gastron\u00f3mico\u201d.<\/p>\n<p>La Transpampeana est\u00e1 abierta a las categor\u00edas de Damas y Caballeros, con dos opciones de participaci\u00f3n: correr las 4 etapas para la clasificaci\u00f3n general (498 kil\u00f3metros) o correr una sola etapa a elecci\u00f3n, que oscilan entre los 56 y los 140 kil\u00f3metros de distancia cada una.<\/p>\n<p>\u201cLa propuesta es cruzar la provincia de Buenos Aires, uniendo por caminos rurales m\u00e1s de 25 localidades a lo largo de 500 kil\u00f3metros. Es una prueba deportiva exigente que por un lado busca contribuir a concientizar sobre la enfermedad de Parkinson, y por otro crea las condiciones para promover el turismo en los pueblos que atraviesa\u201d, destacaron desde la organizaci\u00f3n.<\/p>\n<p>Con el acompa\u00f1amiento del <a href=\"https:\/\/www.lujan.gob.ar\/\" target=\"_blank\" rel=\"noopener\">Municipio de Luj\u00e1n<\/a>, la carrera \u201cTranspampeana\u201d es organizada por la Asociaci\u00f3n INDEPAR Argentina (Investigaci\u00f3n, Deporte y Parkinson) y Log\u00edstica de Patagonia Ultra Bike.<\/p>\n<p><img loading=\"lazy\" decoding=\"async\" class=\"alignnone size-full wp-image-23988\" src=\"https:\/\/diariodelujan.com\/wp-content\/uploads\/2025\/02\/Ciclismo-Torres-sera-el-punto-de-partida-del-desafio-Transpampeana.webp\" alt=\"Desaf\u00edo Transpampeana\" width=\"900\" height=\"506\" title=\"\"><\/p>\n<p>INDEPAR es una Asociaci\u00f3n Civil sin fines de lucro que busca facilitar e impulsar las actividades de investigaci\u00f3n hacia un tratamiento que detenga el avance de la enfermedad de Parkinson o restaure las funciones alteradas por las neuronas perdidas en los pacientes. Asimismo, mediante los eventos deportivos, quiere difundir los beneficios del deporte para los pacientes y concientizar al p\u00fablico en general sobre la enfermedad de Parkinson.<\/p>\n<p>Por informaci\u00f3n e inscripciones, los interesados pueden consultar el sitio web<a href=\"http:\/\/www.transpampeana.ar\" target=\"_blank\" rel=\"noopener\"> www.transpampeana.ar<\/a>, o a trav\u00e9s del Instagram <strong>@transpampeana<\/strong>.<\/p>\n","protected":false},"excerpt":{"rendered":"<p>La localidad de Torres ser\u00e1 el escenario del inicio de \u201cTranspampeana\u201d, una exigente competencia de ciclismo que recorrer\u00e1 500 kil\u00f3metros de caminos rurales en la provincia de Buenos Aires.<\/p>\n","protected":false},"author":4,"featured_media":15635,"comment_status":"closed","ping_status":"closed","sticky":false,"template":"","format":"standard","meta":{"tdm_status":"","tdm_grid_status":"","footnotes":""},"categories":[7],"tags":[287,273,426],"class_list":{"0":"post-15633","1":"post","2":"type-post","3":"status-publish","4":"format-standard","5":"has-post-thumbnail","7":"category-ciclismo","8":"tag-ciclismo","9":"tag-torres","10":"tag-transpampeana"},"_links":{"self":[{"href":"https:\/\/diariodelujan.com\/xdeporte\/wp-json\/wp\/v2\/posts\/15633","targetHints":{"allow":["GET"]}}],"collection":[{"href":"https:\/\/diariodelujan.com\/xdeporte\/wp-json\/wp\/v2\/posts"}],"about":[{"href":"https:\/\/diariodelujan.com\/xdeporte\/wp-json\/wp\/v2\/types\/post"}],"author":[{"embeddable":true,"href":"https:\/\/diariodelujan.com\/xdeporte\/wp-json\/wp\/v2\/users\/4"}],"replies":[{"embeddable":true,"href":"https:\/\/diariodelujan.com\/xdeporte\/wp-json\/wp\/v2\/comments?post=15633"}],"version-history":[{"count":5,"href":"https:\/\/diariodelujan.com\/xdeporte\/wp-json\/wp\/v2\/posts\/15633\/revisions"}],"predecessor-version":[{"id":15644,"href":"https:\/\/diariodelujan.com\/xdeporte\/wp-json\/wp\/v2\/posts\/15633\/revisions\/15644"}],"wp:featuredmedia":[{"embeddable":true,"href":"https:\/\/diariodelujan.com\/xdeporte\/wp-json\/wp\/v2\/media\/15635"}],"wp:attachment":[{"href":"https:\/\/diariodelujan.com\/xdeporte\/wp-json\/wp\/v2\/media?parent=15633"}],"wp:term":[{"taxonomy":"category","embeddable":true,"href":"https:\/\/diariodelujan.com\/xdeporte\/wp-json\/wp\/v2\/categories?post=15633"},{"taxonomy":"post_tag","embeddable":true,"href":"https:\/\/diariodelujan.com\/xdeporte\/wp-json\/wp\/v2\/tags?post=15633"}],"curies":[{"name":"wp","href":"https:\/\/api.w.org\/{rel}","templated":true}]}}