{"id":15637,"date":"2025-02-21T13:00:31","date_gmt":"2025-02-21T16:00:31","guid":{"rendered":"https:\/\/diariodelujan.com\/xdeporte\/?p=15637"},"modified":"2025-02-21T13:00:31","modified_gmt":"2025-02-21T16:00:31","slug":"club-lujan-expansion-de-terrenos","status":"publish","type":"post","link":"https:\/\/diariodelujan.com\/xdeporte\/club-lujan-expansion-de-terrenos\/","title":{"rendered":"Club Luj\u00e1n: Expansi\u00f3n y crecimiento de una instituci\u00f3n hist\u00f3rica"},"content":{"rendered":"<p><span style=\"font-family: georgia, palatino, serif; font-size: 14pt;\"><em>El Club Luj\u00e1n, una de las instituciones deportivas m\u00e1s emblem\u00e1ticas de la ciudad, est\u00e1 dando un importante paso en su crecimiento con la ampliaci\u00f3n de su infraestructura.<\/em><\/span><\/p>\n<p><!--more--><\/p>\n<p>Fundado en 1936, el club cuenta actualmente con alrededor de 600 deportistas que participan en diversas disciplinas, y ahora podr\u00e1 ofrecer m\u00e1s y mejores espacios para la pr\u00e1ctica deportiva.<\/p>\n<h3><strong>Una hect\u00e1rea m\u00e1s para el desarrollo deportivo<\/strong><\/h3>\n<p>Gracias a un proyecto presentado al Honorable Concejo Deliberante y aprobado por unanimidad, el Municipio de Luj\u00e1n cedi\u00f3 una hect\u00e1rea de un predio lindero en el barrio San Emilio. Esta expansi\u00f3n permitir\u00e1 incrementar la capacidad del club y mejorar la oferta de actividades para la comunidad.<\/p>\n<p>\u201cEstamos muy contentos de poder ampliar la capacidad de nuestro complejo deportivo, un predio que tiene 7 hect\u00e1reas y media y, que a partir de la propuesta que le presentamos al Intendente Municipal, podemos ampliarla. La intenci\u00f3n es brindar m\u00e1s deporte, m\u00e1s alternativas, m\u00e1s disciplinas en un club que est\u00e1 en constante crecimiento. Estamos muy agradecidos porque todo esto nos da la posibilidad de seguir generando espacios de recreaci\u00f3n y disfrute en un club que se encamina a los 100 a\u00f1os\u201d, destac\u00f3 Fernando Marcigliano, ex presidente y actual dirigente del club.<\/p>\n<p>El decreto de la cesi\u00f3n fue entregado por el Intendente Leonardo Boto en una recorrida por el predio, donde tambi\u00e9n estuvieron presentes el Secretario de Obras e Infraestructura, Abel Rausch, y el actual presidente de la instituci\u00f3n, Federico Vanin, junto a otros dirigentes y allegados.<\/p>\n<h3><strong>Club Luj\u00e1n: una historia de pasi\u00f3n y compromiso<\/strong><\/h3>\n<p>El Club Luj\u00e1n fue fundado el 1 de abril de 1936 bajo el nombre de Club Atl\u00e9tico River Plate. Sin embargo, por disposici\u00f3n de la Direcci\u00f3n Provincial de Personas Jur\u00eddicas, se vio obligado a cambiar su denominaci\u00f3n a la actual. Como homenaje a su origen, el club conserv\u00f3 la banda roja diagonal sobre fondo blanco, aunque invertida.<\/p>\n<p>Inicialmente, el club form\u00f3 parte de la Liga Lujanense de F\u00fatbol, donde obtuvo seis campeonatos y compiti\u00f3 en los torneos de ascenso para equipos indirectamente afiliados a la AFA. En 1961, logr\u00f3 su afiliaci\u00f3n directa a la AFA y en la actualidad milita en la Primera C.<\/p>\n<p><img loading=\"lazy\" decoding=\"async\" class=\"alignnone size-full wp-image-23995\" src=\"https:\/\/diariodelujan.com\/wp-content\/uploads\/2025\/02\/predio.webp\" alt=\"Club Luj\u00e1n en expansi\u00f3n\" width=\"900\" height=\"563\" title=\"\"><\/p>\n<p>Su sede social y deportiva est\u00e1 ubicada en La Viudita y El Pechito Colorado, en el barrio San Emilio. En este momento, se est\u00e1n desarrollando obras para habilitar una tribuna popular detr\u00e1s de uno de los arcos de la cancha principal, lo que permitir\u00e1 mejorar la experiencia de los hinchas y seguidores del club.<\/p>\n<h3><strong>Un futuro prometedor<\/strong><\/h3>\n<p>El crecimiento del Club Luj\u00e1n es una clara muestra del compromiso de sus dirigentes y la comunidad con el desarrollo del deporte local. Con esta ampliaci\u00f3n, se abre una nueva etapa que permitir\u00e1 a\u00fan m\u00e1s personas acceder a la pr\u00e1ctica deportiva en un ambiente adecuado y con instalaciones de calidad.<\/p>\n<p>A medida que el club se acerca a su centenario, su evoluci\u00f3n y crecimiento contin\u00faan consolid\u00e1ndolo como un referente del deporte en la regi\u00f3n, con una historia rica en pasi\u00f3n, esfuerzo y logros. Con las nuevas instalaciones y proyectos en marcha, el Club Luj\u00e1n sigue escribiendo su legado en el coraz\u00f3n de su comunidad.<\/p>\n","protected":false},"excerpt":{"rendered":"<p>El Club Luj\u00e1n, una de las instituciones deportivas m\u00e1s emblem\u00e1ticas de la ciudad, est\u00e1 dando un importante paso en su crecimiento con la ampliaci\u00f3n de su infraestructura.<\/p>\n","protected":false},"author":4,"featured_media":15639,"comment_status":"closed","ping_status":"closed","sticky":false,"template":"","format":"standard","meta":{"tdm_status":"","tdm_grid_status":"","footnotes":""},"categories":[17],"tags":[],"class_list":{"0":"post-15637","1":"post","2":"type-post","3":"status-publish","4":"format-standard","5":"has-post-thumbnail","7":"category-deportes"},"_links":{"self":[{"href":"https:\/\/diariodelujan.com\/xdeporte\/wp-json\/wp\/v2\/posts\/15637","targetHints":{"allow":["GET"]}}],"collection":[{"href":"https:\/\/diariodelujan.com\/xdeporte\/wp-json\/wp\/v2\/posts"}],"about":[{"href":"https:\/\/diariodelujan.com\/xdeporte\/wp-json\/wp\/v2\/types\/post"}],"author":[{"embeddable":true,"href":"https:\/\/diariodelujan.com\/xdeporte\/wp-json\/wp\/v2\/users\/4"}],"replies":[{"embeddable":true,"href":"https:\/\/diariodelujan.com\/xdeporte\/wp-json\/wp\/v2\/comments?post=15637"}],"version-history":[{"count":1,"href":"https:\/\/diariodelujan.com\/xdeporte\/wp-json\/wp\/v2\/posts\/15637\/revisions"}],"predecessor-version":[{"id":15638,"href":"https:\/\/diariodelujan.com\/xdeporte\/wp-json\/wp\/v2\/posts\/15637\/revisions\/15638"}],"wp:featuredmedia":[{"embeddable":true,"href":"https:\/\/diariodelujan.com\/xdeporte\/wp-json\/wp\/v2\/media\/15639"}],"wp:attachment":[{"href":"https:\/\/diariodelujan.com\/xdeporte\/wp-json\/wp\/v2\/media?parent=15637"}],"wp:term":[{"taxonomy":"category","embeddable":true,"href":"https:\/\/diariodelujan.com\/xdeporte\/wp-json\/wp\/v2\/categories?post=15637"},{"taxonomy":"post_tag","embeddable":true,"href":"https:\/\/diariodelujan.com\/xdeporte\/wp-json\/wp\/v2\/tags?post=15637"}],"curies":[{"name":"wp","href":"https:\/\/api.w.org\/{rel}","templated":true}]}}