{"id":15649,"date":"2025-02-22T16:50:24","date_gmt":"2025-02-22T19:50:24","guid":{"rendered":"https:\/\/diariodelujan.com\/xdeporte\/?p=15649"},"modified":"2025-02-23T21:12:41","modified_gmt":"2025-02-24T00:12:41","slug":"flandria-visita-a-san-carlos","status":"publish","type":"post","link":"https:\/\/diariodelujan.com\/xdeporte\/flandria-visita-a-san-carlos\/","title":{"rendered":"Flandria visita a San Carlos este domingo"},"content":{"rendered":"<h4 data-pm-slice=\"1 1 []\"><span style=\"font-family: georgia, palatino, serif;\"><em>Este domingo a las 17:00 horas, Villa San Carlos y <a href=\"https:\/\/www.facebook.com\/ClubsydFlandria\" target=\"_blank\" rel=\"noopener\">Flandria<\/a> se ver\u00e1n las caras en un en un nuevo cap\u00edtulo del futbol del ascenso. Con realidades distintas, ambos equipos buscar\u00e1n quedarse con los tres puntos.<\/em><\/span><\/h4>\n<p data-pm-slice=\"1 1 []\"><!--more--><\/p>\n<h3 data-pm-slice=\"1 1 []\"><strong>Flandria quiere seguir en la pelea<\/strong><\/h3>\n<p>Flandria llega a este compromiso con la necesidad de sumar puntos para continuar en la lucha por los primeros puestos. Con un <a href=\"https:\/\/diariodelujan.com\/xdeporte\/flandria-perdio-vs-real-pilar\/\" target=\"_blank\" rel=\"noopener\">rendimiento irregular en las \u00faltimas fechas<\/a>, el equipo de J\u00e1uregui necesita afinar la punter\u00eda y consolidar su juego para salir victorioso en una cancha siempre complicada.<\/p>\n<p>El entrenador ha trabajado durante la semana en la precisi\u00f3n ofensiva, ya que la falta de contundencia ha sido un problema recurrente. Adem\u00e1s, <em>el Canario<\/em> buscar\u00e1 mejorar su solidez defensiva para evitar sufrir en los momentos clave del partido.<\/p>\n<h3><strong>Villa San Carlos y su fortaleza en casa<\/strong><\/h3>\n<p>Por su parte,\u00a0<em>el Villero<\/em>\u00a0intentar\u00e1 hacerse fuerte en su estadio, donde ha demostrado ser un rival dif\u00edcil de superar. Con un juego ordenado y s\u00f3lido en la mitad de la cancha, el equipo local apostar\u00e1 por la presi\u00f3n alta y la velocidad de sus atacantes para hacer da\u00f1o.<\/p>\n<p>Los enfrentamientos entre estos dos equipos siempre han sido disputados y con un alto nivel de intensidad. En los <a href=\"https:\/\/diariodelujan.com\/xdeporte\/flandria-perdio-vs-real-pilar\/\">\u00faltimos encuentros<\/a>, ambos clubes han sabido repartirse victorias, por lo que se espera un partido parejo y emocionante.<\/p>\n<p>El encuentro se jugar\u00e1 este domingo, a partir de las 17:00 horas, con el arbitraje de Alejandro Porticella.<\/p>\n","protected":false},"excerpt":{"rendered":"<p>Este domingo a las 17:00 horas, Villa San Carlos y Flandria se ver\u00e1n las caras en un en un nuevo cap\u00edtulo del futbol del ascenso. Con realidades distintas, ambos equipos buscar\u00e1n quedarse con los tres puntos.<\/p>\n","protected":false},"author":3,"featured_media":14732,"comment_status":"closed","ping_status":"closed","sticky":false,"template":"","format":"standard","meta":{"tdm_status":"","tdm_grid_status":"","footnotes":""},"categories":[8],"tags":[171,172,173,198,353],"class_list":{"0":"post-15649","1":"post","2":"type-post","3":"status-publish","4":"format-standard","5":"has-post-thumbnail","7":"category-futbol","8":"tag-canario","9":"tag-flandria","10":"tag-futbol","11":"tag-primera-b","12":"tag-villa-san-carlos"},"_links":{"self":[{"href":"https:\/\/diariodelujan.com\/xdeporte\/wp-json\/wp\/v2\/posts\/15649","targetHints":{"allow":["GET"]}}],"collection":[{"href":"https:\/\/diariodelujan.com\/xdeporte\/wp-json\/wp\/v2\/posts"}],"about":[{"href":"https:\/\/diariodelujan.com\/xdeporte\/wp-json\/wp\/v2\/types\/post"}],"author":[{"embeddable":true,"href":"https:\/\/diariodelujan.com\/xdeporte\/wp-json\/wp\/v2\/users\/3"}],"replies":[{"embeddable":true,"href":"https:\/\/diariodelujan.com\/xdeporte\/wp-json\/wp\/v2\/comments?post=15649"}],"version-history":[{"count":6,"href":"https:\/\/diariodelujan.com\/xdeporte\/wp-json\/wp\/v2\/posts\/15649\/revisions"}],"predecessor-version":[{"id":15655,"href":"https:\/\/diariodelujan.com\/xdeporte\/wp-json\/wp\/v2\/posts\/15649\/revisions\/15655"}],"wp:featuredmedia":[{"embeddable":true,"href":"https:\/\/diariodelujan.com\/xdeporte\/wp-json\/wp\/v2\/media\/14732"}],"wp:attachment":[{"href":"https:\/\/diariodelujan.com\/xdeporte\/wp-json\/wp\/v2\/media?parent=15649"}],"wp:term":[{"taxonomy":"category","embeddable":true,"href":"https:\/\/diariodelujan.com\/xdeporte\/wp-json\/wp\/v2\/categories?post=15649"},{"taxonomy":"post_tag","embeddable":true,"href":"https:\/\/diariodelujan.com\/xdeporte\/wp-json\/wp\/v2\/tags?post=15649"}],"curies":[{"name":"wp","href":"https:\/\/api.w.org\/{rel}","templated":true}]}}