{"id":15656,"date":"2025-02-23T21:27:34","date_gmt":"2025-02-24T00:27:34","guid":{"rendered":"https:\/\/diariodelujan.com\/xdeporte\/?p=15656"},"modified":"2025-02-23T21:28:49","modified_gmt":"2025-02-24T00:28:49","slug":"flandria-cayo-ante-san-carlos","status":"publish","type":"post","link":"https:\/\/diariodelujan.com\/xdeporte\/flandria-cayo-ante-san-carlos\/","title":{"rendered":"Flandria cay\u00f3 ante Villa San Carlos en Berisso"},"content":{"rendered":"<p data-start=\"75\" data-end=\"327\"><span style=\"font-family: georgia, palatino, serif; font-size: 14pt;\"><em>Por la fecha 4 del Apertura, <a href=\"https:\/\/www.facebook.com\/ClubsydFlandria\" target=\"_blank\" rel=\"noopener\">Flandria<\/a> sufri\u00f3 su segunda derrota consecutiva al caer 2-1 frente a Villa San Carlos en condici\u00f3n de visitante.<\/em><\/span><\/p>\n<p data-start=\"75\" data-end=\"327\"><!--more--><\/p>\n<p data-start=\"329\" data-end=\"619\">Tras la <a href=\"https:\/\/diariodelujan.com\/xdeporte\/flandria-perdio-vs-real-pilar\/\" target=\"_blank\" rel=\"noopener\">derrota sufrida ante Real Pilar<\/a>, Flandria volvi\u00f3 a caer, esta vez ante <em>el Villero<\/em> sufriendo as\u00ed su primera derrota como visitante.<\/p>\n<p data-start=\"329\" data-end=\"619\">Desde el inicio, ambos conjuntos propusieron un juego din\u00e1mico, con llegadas en ambas \u00e1reas. La primera ocasi\u00f3n clara fue para Flandria: Jonathan Palacio enfrent\u00f3 al arquero Tom\u00e1s Akimenco y defini\u00f3 con sutileza, pero Mauro Garraza despej\u00f3 sobre la l\u00ednea, evitando la apertura del marcador.<\/p>\n<p data-start=\"621\" data-end=\"1041\">La respuesta del conjunto local no se hizo esperar. Tras un tiro libre ejecutado en forma de centro, Alejo Lloyay, sin marca, conect\u00f3 de cabeza y puso el 1-0 a favor de Villa San Carlos. Flandria intent\u00f3 reaccionar r\u00e1pidamente; Palacio nuevamente tuvo una chance clara, pero Akimenco se luci\u00f3 con una atajada destacada. Poco despu\u00e9s, un potente zurdazo de Bustamante fue desviado magistralmente por el guardameta local.<\/p>\n<p data-start=\"1043\" data-end=\"1583\">El equipo dirigido por Davio mostr\u00f3 falencias en la defensa a\u00e9rea, permitiendo que <em>el Villero<\/em> generara peligro. Un cabezazo de Cacace pas\u00f3 cerca del arco defendido por Tom\u00e1s Figueroa, siendo un claro aviso de lo que vendr\u00eda. Minutos m\u00e1s tarde, un tiro libre frontal ejecutado por Nicol\u00e1s Benavidez oblig\u00f3 a Figueroa a dar un rebote que fue aprovechado por Mat\u00edas Samaniego, quien ampli\u00f3 la ventaja para el conjunto de Berisso. Con un 2-0 en contra, Flandria se fue al descanso con la necesidad de replantear su estrategia.<\/p>\n<p data-start=\"1585\" data-end=\"1866\">En la segunda mitad, <em>el Canario<\/em> sali\u00f3 decidido a buscar el descuento. Villa San Carlos, por su parte, opt\u00f3 por replegarse y apostar al contragolpe. Un remate de media distancia de Mat\u00edas Mariatti exigi\u00f3 una notable intervenci\u00f3n de Akimenco, que envi\u00f3 el bal\u00f3n al tiro de esquina.<\/p>\n<p data-start=\"1868\" data-end=\"2198\">La situaci\u00f3n pareci\u00f3 favorecer a Flandria cuando, a los 30 minutos, el local se qued\u00f3 con un hombre menos debido a la expulsi\u00f3n de Acosta. Aprovechando la superioridad num\u00e9rica, el equipo visitante intensific\u00f3 su ofensiva y logr\u00f3 descontar: tras un tiro de esquina, Jonathan Palacio conect\u00f3 un certero cabezazo que decret\u00f3 el 2-1.<\/p>\n<p data-start=\"2200\" data-end=\"2474\">El empate estuvo cerca en varias oportunidades. Un centro preciso no pudo ser capitalizado por Mariano Ascac\u00edbar por escasos cent\u00edmetros, y un cabezazo de Blanco fue contenido por Akimenco, aunque la jugada fue invalidada por una supuesta infracci\u00f3n que gener\u00f3 controversia.<\/p>\n<p data-start=\"2476\" data-end=\"2726\">A pesar del esfuerzo y las oportunidades generadas, Flandria no consigui\u00f3 igualar el marcador y regres\u00f3 a casa sin puntos. Esta derrota obliga al equipo a corregir errores y enfocarse en los pr\u00f3ximos compromisos.<\/p>\n<p data-start=\"2728\" data-end=\"2888\">El pr\u00f3ximo desaf\u00edo para <em>el Canario<\/em> ser\u00e1 en su estadio, donde buscar\u00e1 reivindicarse ante su hinchada y sumar tres puntos vitales para sus aspiraciones en el torneo.<\/p>\n","protected":false},"excerpt":{"rendered":"<p>Por la fecha 4 del Apertura, Flandria sufri\u00f3 su segunda derrota consecutiva al caer 2-1 frente a Villa San Carlos en condici\u00f3n de visitante.<\/p>\n","protected":false},"author":3,"featured_media":14398,"comment_status":"closed","ping_status":"closed","sticky":false,"template":"","format":"standard","meta":{"tdm_status":"","tdm_grid_status":"","footnotes":""},"categories":[8],"tags":[171,172,173,198,353],"class_list":{"0":"post-15656","1":"post","2":"type-post","3":"status-publish","4":"format-standard","5":"has-post-thumbnail","7":"category-futbol","8":"tag-canario","9":"tag-flandria","10":"tag-futbol","11":"tag-primera-b","12":"tag-villa-san-carlos"},"_links":{"self":[{"href":"https:\/\/diariodelujan.com\/xdeporte\/wp-json\/wp\/v2\/posts\/15656","targetHints":{"allow":["GET"]}}],"collection":[{"href":"https:\/\/diariodelujan.com\/xdeporte\/wp-json\/wp\/v2\/posts"}],"about":[{"href":"https:\/\/diariodelujan.com\/xdeporte\/wp-json\/wp\/v2\/types\/post"}],"author":[{"embeddable":true,"href":"https:\/\/diariodelujan.com\/xdeporte\/wp-json\/wp\/v2\/users\/3"}],"replies":[{"embeddable":true,"href":"https:\/\/diariodelujan.com\/xdeporte\/wp-json\/wp\/v2\/comments?post=15656"}],"version-history":[{"count":2,"href":"https:\/\/diariodelujan.com\/xdeporte\/wp-json\/wp\/v2\/posts\/15656\/revisions"}],"predecessor-version":[{"id":15658,"href":"https:\/\/diariodelujan.com\/xdeporte\/wp-json\/wp\/v2\/posts\/15656\/revisions\/15658"}],"wp:featuredmedia":[{"embeddable":true,"href":"https:\/\/diariodelujan.com\/xdeporte\/wp-json\/wp\/v2\/media\/14398"}],"wp:attachment":[{"href":"https:\/\/diariodelujan.com\/xdeporte\/wp-json\/wp\/v2\/media?parent=15656"}],"wp:term":[{"taxonomy":"category","embeddable":true,"href":"https:\/\/diariodelujan.com\/xdeporte\/wp-json\/wp\/v2\/categories?post=15656"},{"taxonomy":"post_tag","embeddable":true,"href":"https:\/\/diariodelujan.com\/xdeporte\/wp-json\/wp\/v2\/tags?post=15656"}],"curies":[{"name":"wp","href":"https:\/\/api.w.org\/{rel}","templated":true}]}}