{"id":15659,"date":"2025-02-23T21:35:40","date_gmt":"2025-02-24T00:35:40","guid":{"rendered":"https:\/\/diariodelujan.com\/xdeporte\/?p=15659"},"modified":"2025-02-23T21:35:40","modified_gmt":"2025-02-24T00:35:40","slug":"el-yacare-sequeira-colgo-los-guantes","status":"publish","type":"post","link":"https:\/\/diariodelujan.com\/xdeporte\/el-yacare-sequeira-colgo-los-guantes\/","title":{"rendered":"El \u201cYacar\u00e9\u201d Sequeira colg\u00f3 los guantes"},"content":{"rendered":"<p><span style=\"font-family: georgia, palatino, serif; font-size: 14pt;\"><em>El boxeo argentino despidi\u00f3 a uno de sus grandes exponentes. Anoche, en el m\u00edtico Estadio de la Federaci\u00f3n Argentina de Boxeo (FAB), Walter Sequeira puso punto final a su carrera profesional.<\/em><\/span><\/p>\n<p><!--more--><\/p>\n<p>Con 37 a\u00f1os y m\u00e1s de dos d\u00e9cadas de trayectoria, el <strong>&#8220;Yacar\u00e9&#8221;<\/strong> colg\u00f3 los guantes tras una dura pelea frente a Braian Nahuel Su\u00e1rez, en la que cay\u00f3 por nocaut t\u00e9cnico en el primer asalto. M\u00e1s all\u00e1 del resultado, su decisi\u00f3n de retirarse ya estaba tomada, cerrando as\u00ed una etapa gloriosa en su vida deportiva.<\/p>\n<h2><strong>Una Pelea con Sabor a Despedida<br \/>\n<\/strong><\/h2>\n<p>El combate de semifondo de la velada &#8220;La Leyenda Contin\u00faa&#8221; ten\u00eda un tinte especial. Sequeira se enfrentaba a Su\u00e1rez por el T\u00edtulo Argentino Mediopesado, en un duelo que reeditar\u00eda su enfrentamiento de 2020. Con transmisi\u00f3n de <a href=\"https:\/\/www.tycsports.com\/\" target=\"_blank\" rel=\"noopener\">TyC Sports<\/a>, el mercedino sali\u00f3 al ring con determinaci\u00f3n, pero un potente gancho de zurda a la zona blanda lo llev\u00f3 a la lona, sin que pudiera reponerse. As\u00ed, Su\u00e1rez se qued\u00f3 con la victoria y el cintur\u00f3n nacional.<\/p>\n<p>Apenas termin\u00f3 la pelea, el periodista Mart\u00edn Perazzo subi\u00f3 al ring para entrevistar a ambos p\u00fagiles. Fue entonces cuando Sequeira hizo su anuncio: &#8220;Hasta ac\u00e1 llegu\u00e9 yo. Despu\u00e9s de 23 a\u00f1os de carrera, mucho sacrificio, mucha ayuda de amigos y familia, esta era mi \u00faltima pelea, sin importar el resultado&#8221;. Con esas palabras, puso fin a una historia de entrega y pasi\u00f3n por el boxeo.<\/p>\n<h3><strong>Sequeira: Un Legado de Lucha y Triunfos<\/strong><\/h3>\n<p>Walter Sequeira deja el boxeo profesional con un r\u00e9cord de 28 victorias (19 por KO), 13 derrotas y 2 empates. Su carrera estuvo marcada por grandes logros, entre ellos:<\/p>\n<ul>\n<li><strong>Campe\u00f3n Latino Mediopesado del Consejo Mundial de Boxeo (WBC)<\/strong><\/li>\n<li><strong>Campe\u00f3n Latino de la Organizaci\u00f3n Mundial de Boxeo (WBO)<\/strong><\/li>\n<li><strong>Campe\u00f3n Argentino de los Mediopesados<\/strong><\/li>\n<\/ul>\n<p>Estos t\u00edtulos lo llevaron a pelear en escenarios de renombre en Alemania, Inglaterra, Francia y Espa\u00f1a, enfrent\u00e1ndose a rivales de primer nivel. Su estilo aguerrido y su humildad lo convirtieron en un referente del boxeo mercedino y argentino.<\/p>\n<p><img loading=\"lazy\" decoding=\"async\" class=\"alignnone size-full wp-image-24085\" src=\"https:\/\/diariodelujan.com\/wp-content\/uploads\/2025\/02\/yacare.webp\" alt=\"El \u201cYacar\u00e9\u201d Sequeira colg\u00f3 los guantes\" width=\"1095\" height=\"745\" title=\"\"><\/p>\n<h3><strong>Mercedes, Siempre en su Coraz\u00f3n<\/strong><\/h3>\n<p>Sequeira siempre llev\u00f3 con orgullo el nombre de su ciudad natal. Su esfuerzo y dedicaci\u00f3n le valieron el cari\u00f1o del p\u00fablico, que lo acompa\u00f1\u00f3 a lo largo de su carrera. En sus a\u00f1os finales, cont\u00f3 con el respaldo de su amigo y manejador Ariel Ladebesse, adem\u00e1s del apoyo de su t\u00e9cnico Pablo Rodr\u00edguez y su equipo de trabajo.<\/p>\n<p>El retiro no significa un adi\u00f3s al boxeo. Ahora, su futuro est\u00e1 en la formaci\u00f3n de nuevos talentos en su propio gimnasio. All\u00ed, su hijo Bautista ya comienza a dar sus primeros pasos en la disciplina, siguiendo el legado de su padre. Con esta nueva etapa, el &#8220;Yacar\u00e9&#8221; sigue vinculado al deporte que le dio todo.<\/p>\n<h3><strong>Una Noche de Boxeo en la FAB<\/strong><\/h3>\n<p>Adem\u00e1s del retiro de Sequeira, la velada en la <a href=\"https:\/\/fabox.com.ar\/\" target=\"_blank\" rel=\"noopener\">FAB<\/a> tuvo otros combates destacados. Jos\u00e9 Rosa (La Rioja) retuvo su t\u00edtulo Superligero WBC Latino al vencer por KO en el primer asalto a Andr\u00e9s P\u00e9rez (Colombia). En la categor\u00eda Ligero, Micaela Dom\u00ednguez (La Plata) se impuso por puntos a Lorena Agoutborde (Olavarr\u00eda), mientras que Alex Alfonso (Rosario) cay\u00f3 en fallo un\u00e1nime ante C\u00e9sar Toloza (Gonz\u00e1lez Cat\u00e1n) en la divisi\u00f3n Welter.<\/p>\n<p>El retiro de <a href=\"https:\/\/diariodelujan.com\/boxeo-mercedes\/\">Walter Sequeira<\/a> marca el final de una era para el boxeo argentino. Su entrega, sacrificio y amor por el deporte lo convirtieron en un referente. Aunque ya no subir\u00e1 al ring como p\u00fagil, su influencia seguir\u00e1 vigente en las nuevas generaciones de boxeadores que formar\u00e1.<strong> \u00a1Gracias, Yacar\u00e9, por tantos a\u00f1os de gloria!<\/strong><\/p>\n","protected":false},"excerpt":{"rendered":"<p>El boxeo argentino despidi\u00f3 a uno de sus grandes exponentes. Anoche, en el m\u00edtico Estadio de la Federaci\u00f3n Argentina de Boxeo (FAB), Walter Sequeira puso punto final a su carrera profesional.<\/p>\n","protected":false},"author":4,"featured_media":15661,"comment_status":"closed","ping_status":"closed","sticky":false,"template":"","format":"standard","meta":{"tdm_status":"","tdm_grid_status":"","footnotes":""},"categories":[113,2],"tags":[427,90,428,306],"class_list":{"0":"post-15659","1":"post","2":"type-post","3":"status-publish","4":"format-standard","5":"has-post-thumbnail","7":"category-boxeo","8":"category-featured","9":"tag-box","10":"tag-boxeo","11":"tag-guantes","12":"tag-sequeira"},"_links":{"self":[{"href":"https:\/\/diariodelujan.com\/xdeporte\/wp-json\/wp\/v2\/posts\/15659","targetHints":{"allow":["GET"]}}],"collection":[{"href":"https:\/\/diariodelujan.com\/xdeporte\/wp-json\/wp\/v2\/posts"}],"about":[{"href":"https:\/\/diariodelujan.com\/xdeporte\/wp-json\/wp\/v2\/types\/post"}],"author":[{"embeddable":true,"href":"https:\/\/diariodelujan.com\/xdeporte\/wp-json\/wp\/v2\/users\/4"}],"replies":[{"embeddable":true,"href":"https:\/\/diariodelujan.com\/xdeporte\/wp-json\/wp\/v2\/comments?post=15659"}],"version-history":[{"count":1,"href":"https:\/\/diariodelujan.com\/xdeporte\/wp-json\/wp\/v2\/posts\/15659\/revisions"}],"predecessor-version":[{"id":15660,"href":"https:\/\/diariodelujan.com\/xdeporte\/wp-json\/wp\/v2\/posts\/15659\/revisions\/15660"}],"wp:featuredmedia":[{"embeddable":true,"href":"https:\/\/diariodelujan.com\/xdeporte\/wp-json\/wp\/v2\/media\/15661"}],"wp:attachment":[{"href":"https:\/\/diariodelujan.com\/xdeporte\/wp-json\/wp\/v2\/media?parent=15659"}],"wp:term":[{"taxonomy":"category","embeddable":true,"href":"https:\/\/diariodelujan.com\/xdeporte\/wp-json\/wp\/v2\/categories?post=15659"},{"taxonomy":"post_tag","embeddable":true,"href":"https:\/\/diariodelujan.com\/xdeporte\/wp-json\/wp\/v2\/tags?post=15659"}],"curies":[{"name":"wp","href":"https:\/\/api.w.org\/{rel}","templated":true}]}}