{"id":15670,"date":"2025-02-26T15:43:24","date_gmt":"2025-02-26T18:43:24","guid":{"rendered":"https:\/\/diariodelujan.com\/xdeporte\/?p=15670"},"modified":"2025-02-26T15:43:24","modified_gmt":"2025-02-26T18:43:24","slug":"ciclismo-transpampeana","status":"publish","type":"post","link":"https:\/\/diariodelujan.com\/xdeporte\/ciclismo-transpampeana\/","title":{"rendered":"Se reprograma la prueba de ciclismo \u201cTranspampeana\u201d"},"content":{"rendered":"<p dir=\"ltr\"><span style=\"font-family: georgia, palatino, serif; font-size: 14pt;\"><em>Con fecha a confirmar, se reprogramar\u00e1 el desaf\u00edo de ciclismo \u201cTranspampeana\u201d, a causa de las malas condiciones clim\u00e1ticas previstas para el pr\u00f3ximo fin de semana.<\/em><\/span><\/p>\n<p><!--more--><br \/>\nCabe recordar que la competencia estaba prevista para este s\u00e1bado, y contar\u00e1 con cuatro etapas que unir\u00e1n Torres con Pellegrini, en el oeste bonaerense, cerca del l\u00edmite con La Pampa.<\/p>\n<h3><strong>Recorrido de la transpampeana<\/strong><\/h3>\n<p dir=\"ltr\">Las etapas de ciclismo planificadas son las siguientes: Torres &#8211; Alberti; Bragado &#8211; Carlos Casares; Carlos Casares &#8211; Trenque Lauquen; Trenque Lauquen &#8211; Pellegrini.<\/p>\n<p><img loading=\"lazy\" decoding=\"async\" class=\"alignnone size-full wp-image-24283\" src=\"https:\/\/diariodelujan.com\/wp-content\/uploads\/2025\/02\/Mapa-Torres-Alberti.jpg\" alt=\"Mapa Torres - Alberti\" width=\"851\" height=\"371\" title=\"\"><\/p>\n<p dir=\"ltr\">\u201cLa propuesta es cruzar la provincia de Buenos Aires, uniendo por caminos rurales m\u00e1s de 25 localidades a lo largo de 500 kil\u00f3metros.<\/p>\n<p dir=\"ltr\">Se trata de una prueba deportiva exigente que por un lado busca contribuir a concientizar sobre la enfermedad de Parkinson y por otro crea las condiciones para promover el turismo en los pueblos que atraviesa, ya que participantes y acompa\u00f1antes har\u00e1n uso de hospedajes y restaurantes en cada etapa de la carrera, explicaron desde la organizaci\u00f3n.<\/p>\n<p>&nbsp;<\/p>\n<p dir=\"ltr\">Con el acompa\u00f1amiento del <a href=\"https:\/\/www.lujan.gob.ar\/\" target=\"_blank\" rel=\"noopener\">Municipio de Luj\u00e1n<\/a>, la carrera de ciclismo \u201cTranspampeana\u201d es organizada por la Asociaci\u00f3n INDEPAR Argentina (Investigaci\u00f3n, Deporte y Parkinson) y Log\u00edstica de Patagonia Ultra Bike.<\/p>\n<p><img loading=\"lazy\" decoding=\"async\" class=\"alignnone size-full wp-image-24280\" src=\"https:\/\/diariodelujan.com\/wp-content\/uploads\/2025\/02\/Se-reprogramara-Transpampeana.webp\" alt=\"Prueba de ciclismo \u201cTranspampeana\u201d\" width=\"900\" height=\"551\" title=\"\"><\/p>\n<p dir=\"ltr\"><a href=\"https:\/\/www.google.com\/url?sa=t&amp;source=web&amp;rct=j&amp;opi=89978449&amp;url=https:\/\/indepar.ar\/&amp;ved=2ahUKEwi1kNrP_OGLAxWbIbkGHbHYBusQFnoECCIQAQ&amp;usg=AOvVaw1tFj_jiSEvzuaj1zNqr7YJ\" target=\"_blank\" rel=\"noopener\">INDEPAR<\/a> es una Asociaci\u00f3n Civil sin fines de lucro que busca facilitar e impulsar las actividades de investigaci\u00f3n hacia un tratamiento que detenga el avance de la enfermedad de Parkinson o restaure las funciones alteradas por las neuronas perdidas en los pacientes. Asimismo, mediante los eventos deportivos, quiere difundir los beneficios del deporte para los pacientes y concientizar al p\u00fablico en general sobre la enfermedad de Parkinson.<\/p>\n","protected":false},"excerpt":{"rendered":"<p>Con fecha a confirmar, se reprogramar\u00e1 el desaf\u00edo de ciclismo \u201cTranspampeana\u201d, a causa de las malas condiciones clim\u00e1ticas previstas para el pr\u00f3ximo fin de semana.<\/p>\n","protected":false},"author":4,"featured_media":15672,"comment_status":"closed","ping_status":"closed","sticky":false,"template":"","format":"standard","meta":{"tdm_status":"","tdm_grid_status":"","footnotes":""},"categories":[7,2],"tags":[287,426],"class_list":{"0":"post-15670","1":"post","2":"type-post","3":"status-publish","4":"format-standard","5":"has-post-thumbnail","7":"category-ciclismo","8":"category-featured","9":"tag-ciclismo","10":"tag-transpampeana"},"_links":{"self":[{"href":"https:\/\/diariodelujan.com\/xdeporte\/wp-json\/wp\/v2\/posts\/15670","targetHints":{"allow":["GET"]}}],"collection":[{"href":"https:\/\/diariodelujan.com\/xdeporte\/wp-json\/wp\/v2\/posts"}],"about":[{"href":"https:\/\/diariodelujan.com\/xdeporte\/wp-json\/wp\/v2\/types\/post"}],"author":[{"embeddable":true,"href":"https:\/\/diariodelujan.com\/xdeporte\/wp-json\/wp\/v2\/users\/4"}],"replies":[{"embeddable":true,"href":"https:\/\/diariodelujan.com\/xdeporte\/wp-json\/wp\/v2\/comments?post=15670"}],"version-history":[{"count":0,"href":"https:\/\/diariodelujan.com\/xdeporte\/wp-json\/wp\/v2\/posts\/15670\/revisions"}],"wp:featuredmedia":[{"embeddable":true,"href":"https:\/\/diariodelujan.com\/xdeporte\/wp-json\/wp\/v2\/media\/15672"}],"wp:attachment":[{"href":"https:\/\/diariodelujan.com\/xdeporte\/wp-json\/wp\/v2\/media?parent=15670"}],"wp:term":[{"taxonomy":"category","embeddable":true,"href":"https:\/\/diariodelujan.com\/xdeporte\/wp-json\/wp\/v2\/categories?post=15670"},{"taxonomy":"post_tag","embeddable":true,"href":"https:\/\/diariodelujan.com\/xdeporte\/wp-json\/wp\/v2\/tags?post=15670"}],"curies":[{"name":"wp","href":"https:\/\/api.w.org\/{rel}","templated":true}]}}