{"id":15700,"date":"2025-03-05T11:15:37","date_gmt":"2025-03-05T14:15:37","guid":{"rendered":"https:\/\/diariodelujan.com\/xdeporte\/?p=15700"},"modified":"2025-03-05T11:15:37","modified_gmt":"2025-03-05T14:15:37","slug":"juan-galvez-el-legado-del-tc","status":"publish","type":"post","link":"https:\/\/diariodelujan.com\/xdeporte\/juan-galvez-el-legado-del-tc\/","title":{"rendered":"Homenaje a Juan G\u00e1lvez: El Legado del TC Vive en Chacarita"},"content":{"rendered":"<p><span style=\"font-family: georgia, palatino, serif; font-size: 14pt;\"><em>El pasado domingo 2 de marzo, el Pante\u00f3n de los Notables del Cementerio de la Chacarita, se convirti\u00f3 en el escenario de un emotivo homenaje al legendario piloto del TC Juan G\u00e1lvez.<\/em><\/span><\/p>\n<p><!--more--><\/p>\n<p>La Asociaci\u00f3n Amigos del Turismo Carretera (<a href=\"https:\/\/aatc.org.ar\/\" target=\"_blank\" rel=\"noopener\">AATC<\/a>) acompa\u00f1\u00f3 a Ricardo G\u00e1lvez, hijo del m\u00edtico campe\u00f3n, y a su familia en una ceremonia que conmemor\u00f3 el 62\u00b0 aniversario de la tr\u00e1gica desaparici\u00f3n del<strong> \u201cRey del TC\u201d,<\/strong> ocurrida el 3 de marzo de 1963. Este a\u00f1o, por motivos personales de la familia, el acto se adelant\u00f3 un d\u00eda, pero no perdi\u00f3 un \u00e1pice de su carga emotiva ni de su relevancia hist\u00f3rica.<\/p>\n<p>Juan G\u00e1lvez no es solo un nombre en los anales del automovilismo argentino; es un \u00edcono cuya huella en el TC permanece imborrable. Con un r\u00e9cord de campeonatos argentinos que a\u00fan hoy nadie ha igualado, su legado trasciende generaciones y sigue siendo un faro para los amantes de las carreras de autos. El evento en Chacarita fue una muestra de ello: admiradores, excompa\u00f1eros y curiosos se reunieron para rendir tributo a quien marc\u00f3 una era en el Turismo Carretera.<\/p>\n<h3><strong>Una Placa para el Eterno Campe\u00f3n del TC<\/strong><\/h3>\n<p>Durante la ceremonia, la AATC dej\u00f3 su marca al colocar una placa conmemorativa en honor a Juan G\u00e1lvez y su fiel acompa\u00f1ante, Ra\u00fal Cottet, quien lo secund\u00f3 en tantas haza\u00f1as sobre el asfalto. La placa, instalada en el Pante\u00f3n de los Notables, simboliza el reconocimiento eterno a un piloto que no solo domin\u00f3 las pistas, sino que tambi\u00e9n conquist\u00f3 el coraz\u00f3n de miles de fan\u00e1ticos del TC.<\/p>\n<p><img loading=\"lazy\" decoding=\"async\" class=\"alignnone size-full wp-image-24608\" src=\"https:\/\/diariodelujan.com\/wp-content\/uploads\/2025\/03\/GALVEZ_J.webp\" alt=\"Homenaje a Juan G\u00e1lvez: \" width=\"900\" height=\"506\" title=\"\"><\/p>\n<p>Ricardo G\u00e1lvez, visiblemente emocionado, tom\u00f3 la palabra para recordar a su padre. Sus an\u00e9cdotas y reflexiones sirvieron como puente entre el pasado glorioso del TC y el presente, donde la figura de <strong>\u201cJuancito\u201d<\/strong> sigue inspirando. El encuentro, que se extendi\u00f3 por casi tres horas, se llen\u00f3 de charlas espont\u00e1neas entre los asistentes. Muchos compartieron recuerdos personales: desde quienes lo vieron correr en vivo hasta aquellos que crecieron escuchando las historias de sus victorias. El ambiente fue una mezcla de nostalgia y admiraci\u00f3n por el hombre que llev\u00f3 al <a href=\"https:\/\/museodelturismocarretera.com\/\" target=\"_blank\" rel=\"noopener\">Turismo Carretera<\/a> a lo m\u00e1s alto.<\/p>\n<h3><strong>Un Tesoro para el Museo del TC<\/strong><\/h3>\n<p>Uno de los momentos m\u00e1s destacados del acto fue cuando Ricardo G\u00e1lvez entreg\u00f3 a la AATC un pergamino original, un documento hist\u00f3rico que hab\u00eda sido obsequiado a su padre en reconocimiento a sus m\u00faltiples victorias y campeonatos en el TC.<\/p>\n<p><img loading=\"lazy\" decoding=\"async\" class=\"alignnone size-full wp-image-24607\" src=\"https:\/\/diariodelujan.com\/wp-content\/uploads\/2025\/03\/galvez-1.webp\" alt=\"Homenaje a Juan G\u00e1lvez: \" width=\"900\" height=\"677\" title=\"\"><\/p>\n<p>Este valioso objeto pasa ahora a formar parte del patrimonio del <strong>Museo de la Asociaci\u00f3n Amigos del Turismo Carretera<\/strong>, ubicado en Guido Spano 3941, San Mart\u00edn, a pocos metros de la intersecci\u00f3n de Ruta 8 y General Paz, en la provincia de Buenos Aires.<\/p>\n<p>Seg\u00fan informaron desde la instituci\u00f3n, el museo abrir\u00e1 sus puertas al p\u00fablico en breve, permitiendo a los fan\u00e1ticos del TC acercarse a\u00fan m\u00e1s a la historia de Juan G\u00e1lvez y del automovilismo argentino.<\/p>\n<h3><strong>El TC y su Historia Viva<\/strong><\/h3>\n<p>El Turismo Carretera, conocido como TC, es mucho m\u00e1s que una categor\u00eda automovil\u00edstica en Argentina: es una pasi\u00f3n que atraviesa generaciones. Juan G\u00e1lvez, con su estilo \u00fanico y su talento inigualable, fue uno de los pilares que consolidaron esta disciplina como un fen\u00f3meno cultural. Sus 9 campeonatos y su tr\u00e1gico final en la Vuelta de Olavarr\u00eda de 1963 lo convirtieron en una leyenda. Por eso, actos como el del pasado domingo no solo honran su memoria, sino que tambi\u00e9n mantienen viva la esencia del TC en un mundo que avanza a toda velocidad.<\/p>\n<p>La Comisi\u00f3n Directiva de la AATC expres\u00f3 su agradecimiento a trav\u00e9s de un comunicado: \u201cQueremos destacar la presencia de todos los que, en gran n\u00famero, nos acompa\u00f1aron en este nuevo aniversario. Recordar a Juan G\u00e1lvez es recordar la grandeza del Turismo Carretera\u201d. La convocatoria, fue un \u00e9xito, demostrando que el esp\u00edritu del TC sigue latiendo con fuerza.<\/p>\n<p><a href=\"https:\/\/diariodelujan.com\/wp-content\/uploads\/2025\/03\/galvez-2.webp\"><img loading=\"lazy\" decoding=\"async\" class=\"alignnone wp-image-24605 size-full\" src=\"https:\/\/diariodelujan.com\/wp-content\/uploads\/2025\/03\/galvez-2.webp\" alt=\"Homenaje a Juan G\u00e1lvez: \" width=\"900\" height=\"553\" title=\"\"><\/a><\/p>\n<h3><strong>Un Legado que Traspasa el Asfalto<\/strong><\/h3>\n<p>El homenaje a Juan G\u00e1lvez en Chacarita no fue solo un acto de memoria; fue una celebraci\u00f3n de lo que el TC representa para Argentina. Desde sus inicios en las rutas polvorientas hasta los circuitos modernos, el Turismo Carretera ha sabido adaptarse sin perder su identidad. Y en el centro de esa historia est\u00e1 \u201cJuancito\u201d, un nombre que resuena cada vez que un motor ruge en una carrera.<br \/>\nPara quienes deseen conocer m\u00e1s sobre este \u00eddolo del <a href=\"https:\/\/diariodelujan.com\/torneo-de-verano-de-las-tc-pick-up\/\">TC<\/a>, el museo de la AATC promete ser un espacio imperdible. Con piezas como el pergamino donado por Ricardo G\u00e1lvez, los visitantes podr\u00e1n sumergirse en los d\u00edas de gloria de un piloto que dej\u00f3 todo en la pista. Mientras tanto, el Pante\u00f3n de los Notables guarda en silencio la placa que lo inmortaliza, un recordatorio de que, en el Turismo Carretera, los h\u00e9roes nunca mueren.<\/p>\n<p><em>Con informaci\u00f3n de <a href=\"https:\/\/autoshowslot.blogspot.com\" target=\"_blank\" rel=\"noopener\">Autoshowslot<\/a><\/em><\/p>\n","protected":false},"excerpt":{"rendered":"<p>El pasado domingo 2 de marzo, el Pante\u00f3n de los Notables del Cementerio de la Chacarita, se convirti\u00f3 en el escenario de un emotivo homenaje al legendario piloto del TC Juan G\u00e1lvez.<\/p>\n","protected":false},"author":4,"featured_media":15701,"comment_status":"closed","ping_status":"closed","sticky":false,"template":"","format":"standard","meta":{"tdm_status":"","tdm_grid_status":"","footnotes":""},"categories":[2,13],"tags":[],"class_list":{"0":"post-15700","1":"post","2":"type-post","3":"status-publish","4":"format-standard","5":"has-post-thumbnail","7":"category-featured","8":"category-motor"},"_links":{"self":[{"href":"https:\/\/diariodelujan.com\/xdeporte\/wp-json\/wp\/v2\/posts\/15700","targetHints":{"allow":["GET"]}}],"collection":[{"href":"https:\/\/diariodelujan.com\/xdeporte\/wp-json\/wp\/v2\/posts"}],"about":[{"href":"https:\/\/diariodelujan.com\/xdeporte\/wp-json\/wp\/v2\/types\/post"}],"author":[{"embeddable":true,"href":"https:\/\/diariodelujan.com\/xdeporte\/wp-json\/wp\/v2\/users\/4"}],"replies":[{"embeddable":true,"href":"https:\/\/diariodelujan.com\/xdeporte\/wp-json\/wp\/v2\/comments?post=15700"}],"version-history":[{"count":0,"href":"https:\/\/diariodelujan.com\/xdeporte\/wp-json\/wp\/v2\/posts\/15700\/revisions"}],"wp:featuredmedia":[{"embeddable":true,"href":"https:\/\/diariodelujan.com\/xdeporte\/wp-json\/wp\/v2\/media\/15701"}],"wp:attachment":[{"href":"https:\/\/diariodelujan.com\/xdeporte\/wp-json\/wp\/v2\/media?parent=15700"}],"wp:term":[{"taxonomy":"category","embeddable":true,"href":"https:\/\/diariodelujan.com\/xdeporte\/wp-json\/wp\/v2\/categories?post=15700"},{"taxonomy":"post_tag","embeddable":true,"href":"https:\/\/diariodelujan.com\/xdeporte\/wp-json\/wp\/v2\/tags?post=15700"}],"curies":[{"name":"wp","href":"https:\/\/api.w.org\/{rel}","templated":true}]}}