{"id":15705,"date":"2025-03-05T12:41:51","date_gmt":"2025-03-05T15:41:51","guid":{"rendered":"https:\/\/diariodelujan.com\/xdeporte\/?p=15705"},"modified":"2025-03-05T12:41:51","modified_gmt":"2025-03-05T15:41:51","slug":"doble-bragado-2025-en-marzo","status":"publish","type":"post","link":"https:\/\/diariodelujan.com\/xdeporte\/doble-bragado-2025-en-marzo\/","title":{"rendered":"Doble Bragado 2025: La Cl\u00e1sica del Oeste Define su Rumbo"},"content":{"rendered":"<p><span style=\"font-family: georgia, palatino, serif; font-size: 14pt;\"><em>La Doble Bragado, una de las competencias ciclistas m\u00e1s emblem\u00e1ticas y longevas de Argentina, est\u00e1 lista para celebrar su edici\u00f3n n\u00famero 88 del 27 al 30 de marzo de 2025.<\/em><\/span><\/p>\n<p><!--more--><\/p>\n<p>Organizada por el Club Ciclista Naci\u00f3n en colaboraci\u00f3n con los municipios de Bragado, Chacabuco, Pergamino y Chivilcoy, esta carrera promete emociones intensas y un recorrido desafiante que pondr\u00e1 a prueba a los mejores pedalistas del pa\u00eds. Con un cronograma ya definido y una cl\u00e1usula especial que limita los equipos a un m\u00e1ximo de seis corredores, la Doble Bragado se prepara para escribir un nuevo cap\u00edtulo en su rica historia.<\/p>\n<h3><strong>Historia de la Doble Bragado: 88 a\u00f1os de pasi\u00f3n sobre ruedas<\/strong><\/h3>\n<p>La Doble Bragado, conocida tambi\u00e9n como la<strong> Cl\u00e1sica del Oeste<\/strong>, naci\u00f3 en 1936 y desde entonces se ha consolidado como una de las pruebas m\u00e1s antiguas y prestigiosas del ciclismo de ruta en Argentina. Su nombre proviene de su recorrido original, que conectaba Bragado con otras ciudades de la regi\u00f3n pampeana, y con el tiempo se convirti\u00f3 en un s\u00edmbolo de resistencia, estrategia y tradici\u00f3n. A lo largo de sus 88 a\u00f1os, ha sido testigo de haza\u00f1as deportivas memorables y ha catapultado a numerosos corredores al reconocimiento nacional e internacional.<br \/>\nEste evento no solo es una competencia deportiva, sino tambi\u00e9n una celebraci\u00f3n cultural que une a las comunidades de la provincia de Buenos Aires. A\u00f1o tras a\u00f1o, los municipios participantes se vuelcan a las calles para alentar a los ciclistas, convirtiendo a la Doble Bragado en una verdadera fiesta del deporte argentino.<\/p>\n<h3><strong>Cronograma y recorrido de la edici\u00f3n 2025<\/strong><\/h3>\n<p>La edici\u00f3n 88 de la <a href=\"https:\/\/www.bragado.gov.ar\/portfolio\/doble-bragado-de-ciclismo\/\" target=\"_blank\" rel=\"noopener\">Doble Bragado<\/a> arrancar\u00e1 el jueves 27 de marzo en Chivilcoy, una ciudad con una fuerte tradici\u00f3n cicl\u00edstica que servir\u00e1 como punto de partida para esta aventura de cuatro d\u00edas. Desde all\u00ed, los corredores pondr\u00e1n rumbo a Pergamino, enfrent\u00e1ndose a un trazado exigente que combina llanuras y tramos estrat\u00e9gicos donde la t\u00e1ctica de los equipos ser\u00e1 clave.<\/p>\n<p>El s\u00e1bado 29 y domingo 30 de marzo, la carrera llegar\u00e1 a Bragado, el coraz\u00f3n hist\u00f3rico de la competencia. El s\u00e1bado se disputar\u00e1 la esperada etapa reina, que incluir\u00e1 una contrarreloj individual o por equipos \u2014un momento decisivo que suele marcar diferencias en la clasificaci\u00f3n general\u2014. El domingo, la acci\u00f3n culminar\u00e1 con una etapa final en circuito, un formato din\u00e1mico que pondr\u00e1 el broche de oro a la edici\u00f3n y definir\u00e1 al campe\u00f3n de la Doble Bragado 2025.<\/p>\n<h3><strong>Novedades y reglas de la edici\u00f3n 88<\/strong><\/h3>\n<p>Este a\u00f1o, la organizaci\u00f3n ha introducido una cl\u00e1usula especial: los equipos participantes estar\u00e1n limitados a un m\u00e1ximo de seis corredores. Esta medida busca nivelar la competencia, fomentar estrategias m\u00e1s elaboradas y garantizar un espect\u00e1culo a\u00fan m\u00e1s competitivo. Los equipos ya est\u00e1n ajustando sus formaciones para adaptarse a esta regla, lo que promete un desarrollo impredecible en cada etapa de la Doble Bragado.<br \/>\nAdem\u00e1s, la colaboraci\u00f3n entre el<a href=\"https:\/\/biciclub.com\/tag\/club-ciclista-nacion\/\" target=\"_blank\" rel=\"noopener\"> Club Ciclista Naci\u00f3n<\/a> y los municipios de Bragado, Chacabuco, Pergamino y Chivilcoy asegura una log\u00edstica impecable, con rutas bien preparadas y un ambiente festivo que acompa\u00f1ar\u00e1 a los ciclistas en cada kil\u00f3metro.<\/p>\n<p><img loading=\"lazy\" decoding=\"async\" class=\"alignnone size-full wp-image-15339\" src=\"https:\/\/diariodelujan.com\/wp-content\/uploads\/2024\/08\/ciclismo-operativo-vehicular.webp\" alt=\"Ciclismo bonaerense\" width=\"900\" height=\"607\" title=\"\"><\/p>\n<h3><strong>\u00bfPor qu\u00e9 la Doble Bragado sigue siendo un \u00edcono?<\/strong><\/h3>\n<p>La Doble Bragado no es solo una carrera; es un legado. Con casi nueve d\u00e9cadas de historia, ha sabido adaptarse a los tiempos modernos sin perder su esencia. Su recorrido por las llanuras bonaerenses, su etapa reina en Bragado y la pasi\u00f3n de los aficionados la convierten en un evento imperdible para los amantes del ciclismo. Adem\u00e1s, la combinaci\u00f3n de etapas largas, contrarrelojes y circuitos finales ofrece un desaf\u00edo completo para los competidores, quienes deben demostrar resistencia, velocidad y trabajo en equipo.<\/p>\n<h3><strong>Expectativas para la edici\u00f3n 2025<\/strong><\/h3>\n<p>Con la fecha acerc\u00e1ndose, la expectativa crece entre los fan\u00e1ticos y los equipos. La Doble Bragado 2025 promete ser una edici\u00f3n vibrante, con corredores de \u00e9lite y nuevas promesas luchando por inscribir su nombre en la historia de esta competencia legendaria. La etapa reina en Bragado y el cierre en circuito ser\u00e1n los momentos clave que definir\u00e1n al sucesor de los grandes campeones que han brillado en el pasado.<\/p>\n<h3><strong>Un evento para vivir de cerca<\/strong><\/h3>\n<p>Si eres un apasionado del ciclismo o simplemente quieres disfrutar de un <a href=\"https:\/\/diariodelujan.com\/ciclismo-transpampeana\/\">espect\u00e1culo deportivo<\/a> \u00fanico, la Doble Bragado te espera del 27 al 30 de marzo. Chivilcoy, Pergamino y Bragado se vestir\u00e1n de gala para recibir a los ciclistas y al p\u00fablico, que podr\u00e1 seguir cada pedaleada en vivo o a trav\u00e9s de las coberturas oficiales.<\/p>\n<p>No te pierdas la oportunidad de ser parte de esta tradici\u00f3n que, a\u00f1o tras a\u00f1o, sigue consolidando su lugar en el coraz\u00f3n del deporte argentino.<\/p>\n<p>La <strong>Doble Bragado 2025<\/strong> est\u00e1 a la vuelta de la esquina, y con ella llega la promesa de cuatro d\u00edas llenos de adrenalina, estrategia y emoci\u00f3n. \u00bfQui\u00e9n se llevar\u00e1 la gloria en esta edici\u00f3n 88? Solo el asfalto lo dir\u00e1.<\/p>\n","protected":false},"excerpt":{"rendered":"<p>La Doble Bragado, una de las competencias ciclistas m\u00e1s emblem\u00e1ticas y longevas de Argentina, est\u00e1 lista para celebrar su edici\u00f3n n\u00famero 88 del 27 al 30 de marzo de 2025.<\/p>\n","protected":false},"author":4,"featured_media":15706,"comment_status":"closed","ping_status":"closed","sticky":false,"template":"","format":"standard","meta":{"tdm_status":"","tdm_grid_status":"","footnotes":""},"categories":[7,2],"tags":[287,430],"class_list":{"0":"post-15705","1":"post","2":"type-post","3":"status-publish","4":"format-standard","5":"has-post-thumbnail","7":"category-ciclismo","8":"category-featured","9":"tag-ciclismo","10":"tag-doble-bragado"},"_links":{"self":[{"href":"https:\/\/diariodelujan.com\/xdeporte\/wp-json\/wp\/v2\/posts\/15705","targetHints":{"allow":["GET"]}}],"collection":[{"href":"https:\/\/diariodelujan.com\/xdeporte\/wp-json\/wp\/v2\/posts"}],"about":[{"href":"https:\/\/diariodelujan.com\/xdeporte\/wp-json\/wp\/v2\/types\/post"}],"author":[{"embeddable":true,"href":"https:\/\/diariodelujan.com\/xdeporte\/wp-json\/wp\/v2\/users\/4"}],"replies":[{"embeddable":true,"href":"https:\/\/diariodelujan.com\/xdeporte\/wp-json\/wp\/v2\/comments?post=15705"}],"version-history":[{"count":0,"href":"https:\/\/diariodelujan.com\/xdeporte\/wp-json\/wp\/v2\/posts\/15705\/revisions"}],"wp:featuredmedia":[{"embeddable":true,"href":"https:\/\/diariodelujan.com\/xdeporte\/wp-json\/wp\/v2\/media\/15706"}],"wp:attachment":[{"href":"https:\/\/diariodelujan.com\/xdeporte\/wp-json\/wp\/v2\/media?parent=15705"}],"wp:term":[{"taxonomy":"category","embeddable":true,"href":"https:\/\/diariodelujan.com\/xdeporte\/wp-json\/wp\/v2\/categories?post=15705"},{"taxonomy":"post_tag","embeddable":true,"href":"https:\/\/diariodelujan.com\/xdeporte\/wp-json\/wp\/v2\/tags?post=15705"}],"curies":[{"name":"wp","href":"https:\/\/api.w.org\/{rel}","templated":true}]}}