{"id":15712,"date":"2025-03-05T19:45:32","date_gmt":"2025-03-05T22:45:32","guid":{"rendered":"https:\/\/diariodelujan.com\/xdeporte\/?p=15712"},"modified":"2025-03-05T19:45:32","modified_gmt":"2025-03-05T22:45:32","slug":"lujan-cerro-la-pretemporada","status":"publish","type":"post","link":"https:\/\/diariodelujan.com\/xdeporte\/lujan-cerro-la-pretemporada\/","title":{"rendered":"Luj\u00e1n cerr\u00f3 una pretemporada intensa: balance de los amistosos disputados"},"content":{"rendered":"<p data-pm-slice=\"1 1 []\"><span style=\"font-family: georgia, palatino, serif; font-size: 14pt;\"><em>El <a href=\"https:\/\/www.facebook.com\/www.clublujan.com.ar\" target=\"_blank\" rel=\"noopener\">Club Luj\u00e1n<\/a> ha culminado una pretemporada intensa, enfrentando a diversos equipos en una serie de partidos amistosos que sirvieron para ajustar detalles de cara al inicio del torneo de la Primera C.<\/em><\/span><\/p>\n<p data-pm-slice=\"1 1 []\"><!--more--><\/p>\n<h4><strong>Empate con Deportivo Armenio en condici\u00f3n de visitante<\/strong><\/h4>\n<p>El 20 de enero, Luj\u00e1n se midi\u00f3 ante Deportivo Armenio en calidad de visitante. Se jugaron dos encuentros, el primero finaliz\u00f3 con un empate 2-2, mientras que el segundo fue un empate sin goles. dejando sensaciones positivas en el cuerpo t\u00e9cnico respecto al rendimiento del equipo frente a un rival de jerarqu\u00eda superior.<\/p>\n<h4><strong>Doble empate ante Sacachispas<\/strong><\/h4>\n<p>El 25 de enero, <em>el Lujanero<\/em> disput\u00f3 un nuevo amistoso ante Sacachispas, en un duelo que termin\u00f3 con igualdad en ambos encuentros. Tanto el primer como el segundo partido finalizaron sin goles, reflejando un buen trabajo defensivo, pero tambi\u00e9n la necesidad de afinar la definici\u00f3n en ataque.<\/p>\n<h4><strong>Jornada positiva frente a Excursionistas<\/strong><\/h4>\n<p>El 28 de enero, <em>el Lujanero<\/em> visit\u00f3 a Excursionistas en el Bajo Belgrano. Se disputaron dos encuentros: el primero culmin\u00f3 en empate 1-1, con gol de Pedro Alfonso para Luj\u00e1n, mientras que el segundo fue victoria 1-0 para los dirigidos por Santiago Fredes, gracias a un tanto de Rodrigo Ferreyra.<\/p>\n<h4><strong>Empates sin goles ante Mercedes<\/strong><\/h4>\n<p>El 1 de febrero, los de la banda recibieron a Mercedes, otro equipo de la Primera C. En esta ocasi\u00f3n, se llevaron a cabo dos partidos que finalizaron sin goles, evidenciando solidez defensiva pero dejando tareas pendientes en la definici\u00f3n ofensiva.<\/p>\n<h4><strong>Sabor agridulce frente a JJ Urquiza<\/strong><\/h4>\n<p>El 22 de febrero, el equipo de la Bas\u00edlica enfrent\u00f3 a Justo Jos\u00e9 de Urquiza en su estadio. El primer duelo fue favorable para la visita con un 1-0 en el marcador, mientras que en el segundo compromiso se impuso por el mismo resultado, con gol de Lisandro S\u00e1nchez Olmos.<\/p>\n<p><strong>\u00daltimo amistoso: Luj\u00e1n contra Gimnasia de Chivilcoy<\/strong><\/p>\n<p>El 28 de febrero, el equipo de nuestra ciudad disput\u00f3 su \u00faltimo amistoso de la pretemporada frente a Gimnasia de Chivilcoy. El encuentro finaliz\u00f3 1-1, con anotaci\u00f3n de Juli\u00e1n Ford para <em>el Lujanero<\/em>. Este partido sirvi\u00f3 para ultimar detalles antes del debut oficial en el torneo de la Primera C.<\/p>\n<p>El debut en la Primera C ser\u00e1 el pr\u00f3ximo fin de semana ante Ca\u00f1uelas, en condici\u00f3n de visitante. La expectativa es alta y el plantel conf\u00eda en trasladar al torneo oficial todo lo trabajado durante esta pretemporada.<\/p>\n","protected":false},"excerpt":{"rendered":"<p>El Club Luj\u00e1n ha culminado una pretemporada intensa, enfrentando a diversos equipos en una serie de partidos amistosos que sirvieron para ajustar detalles de cara al inicio del torneo de la Primera C.<\/p>\n","protected":false},"author":4,"featured_media":15714,"comment_status":"closed","ping_status":"closed","sticky":false,"template":"","format":"standard","meta":{"tdm_status":"","tdm_grid_status":"","footnotes":""},"categories":[2,8],"tags":[173,117,184,411,432,433],"class_list":{"0":"post-15712","1":"post","2":"type-post","3":"status-publish","4":"format-standard","5":"has-post-thumbnail","7":"category-featured","8":"category-futbol","9":"tag-futbol","10":"tag-lujan","11":"tag-lujanero","12":"tag-pretemporada","13":"tag-resultados","14":"tag-resumen"},"_links":{"self":[{"href":"https:\/\/diariodelujan.com\/xdeporte\/wp-json\/wp\/v2\/posts\/15712","targetHints":{"allow":["GET"]}}],"collection":[{"href":"https:\/\/diariodelujan.com\/xdeporte\/wp-json\/wp\/v2\/posts"}],"about":[{"href":"https:\/\/diariodelujan.com\/xdeporte\/wp-json\/wp\/v2\/types\/post"}],"author":[{"embeddable":true,"href":"https:\/\/diariodelujan.com\/xdeporte\/wp-json\/wp\/v2\/users\/4"}],"replies":[{"embeddable":true,"href":"https:\/\/diariodelujan.com\/xdeporte\/wp-json\/wp\/v2\/comments?post=15712"}],"version-history":[{"count":0,"href":"https:\/\/diariodelujan.com\/xdeporte\/wp-json\/wp\/v2\/posts\/15712\/revisions"}],"wp:featuredmedia":[{"embeddable":true,"href":"https:\/\/diariodelujan.com\/xdeporte\/wp-json\/wp\/v2\/media\/15714"}],"wp:attachment":[{"href":"https:\/\/diariodelujan.com\/xdeporte\/wp-json\/wp\/v2\/media?parent=15712"}],"wp:term":[{"taxonomy":"category","embeddable":true,"href":"https:\/\/diariodelujan.com\/xdeporte\/wp-json\/wp\/v2\/categories?post=15712"},{"taxonomy":"post_tag","embeddable":true,"href":"https:\/\/diariodelujan.com\/xdeporte\/wp-json\/wp\/v2\/tags?post=15712"}],"curies":[{"name":"wp","href":"https:\/\/api.w.org\/{rel}","templated":true}]}}