{"id":15715,"date":"2025-03-07T20:46:48","date_gmt":"2025-03-07T23:46:48","guid":{"rendered":"https:\/\/diariodelujan.com\/xdeporte\/?p=15715"},"modified":"2025-03-07T20:46:48","modified_gmt":"2025-03-07T23:46:48","slug":"lujan-visita-a-canuelas","status":"publish","type":"post","link":"https:\/\/diariodelujan.com\/xdeporte\/lujan-visita-a-canuelas\/","title":{"rendered":"Luj\u00e1n debuta visitando a Ca\u00f1uelas"},"content":{"rendered":"<p data-pm-slice=\"1 1 []\"><span style=\"font-family: georgia, palatino, serif; font-size: 14pt;\"><em><a href=\"https:\/\/www.facebook.com\/www.clublujan.com.ar\" target=\"_blank\" rel=\"noopener\">Luj\u00e1n<\/a> se medir\u00e1 ante Ca\u00f1uelas en un duelo que marcar\u00e1 el inicio de su camino en busca del protagonismo en el campeonato. El partido se disputar\u00e1 el s\u00e1bado, con el Lujanero en condici\u00f3n de visitante, a partir de las 17 horas.<\/em><\/span><\/p>\n<p data-pm-slice=\"1 1 []\"><!--more--><\/p>\n<p>Tras una <a href=\"https:\/\/diariodelujan.com\/xdeporte\/lujan-cerro-la-pretemporada\/\" target=\"_blank\" rel=\"noopener\">intensa pretemporada<\/a>, en la que disput\u00f3 varios amistosos para afinar detalles, Luj\u00e1n llega con buenas sensaciones al debut. Durante su preparaci\u00f3n, el equipo mostr\u00f3 solidez defensiva y una idea de juego clara, con la intenci\u00f3n de ser protagonista en el torneo.<\/p>\n<p>Uno de los puntos fuertes del <em>Lujanero<\/em> ha sido su firmeza en la l\u00ednea defensiva, con un equipo ordenado que ha sabido sostener el cero en varios de sus encuentros amistosos. Sin embargo, la efectividad en ataque sigue siendo un aspecto a mejorar, y este partido ser\u00e1 clave para que los delanteros comiencen a marcar diferencias.<\/p>\n<h4><strong>El rival: Ca\u00f1uelas<\/strong><\/h4>\n<p><em>El Tambero<\/em> tambi\u00e9n llega con expectativas renovadas y buscar\u00e1 hacerse fuerte en su estadio para arrancar con el pie derecho en el Apertura. El equipo local viene de una pretemporada exigente y ha sumado refuerzos con la intenci\u00f3n de pelear en la parte alta de la tabla. En los \u00faltimos a\u00f1os, Ca\u00f1uelas ha sido un rival complicado para Luj\u00e1n, por lo que se espera un partido muy disputado.<\/p>\n<h4><strong>Historial reciente entre Luj\u00e1n y Ca\u00f1uelas<\/strong><\/h4>\n<p>En los \u00faltimos enfrentamientos entre ambos clubes, la paridad ha sido una constante. Ambos equipos han protagonizado encuentros re\u00f1idos, con resultados ajustados y una fuerte disputa en el mediocampo. En esta ocasi\u00f3n, el conjunto de la Bas\u00edlica buscar\u00e1 quebrar esa tendencia y sumar de a tres en el arranque del campeonato.<\/p>\n<h4><strong>Las claves del partido<\/strong><\/h4>\n<p>Para que Luj\u00e1n logre un buen resultado, ser\u00e1 fundamental mantener el orden defensivo y aprovechar las oportunidades que genere en ataque. La conexi\u00f3n entre los mediocampistas y los delanteros jugar\u00e1 un papel clave, as\u00ed como la solidez de la zaga para contener los avances del equipo local.<\/p>\n<p>Adem\u00e1s, el factor an\u00edmico ser\u00e1 determinante. Un buen inicio en la temporada podr\u00eda ser un env\u00edon an\u00edmico para un Luj\u00e1n que tiene la ilusi\u00f3n de pelear arriba en el torneo. El equipo sabe que cada punto cuenta y que un arranque positivo podr\u00eda marcar la diferencia en el desarrollo del campeonato.<\/p>\n","protected":false},"excerpt":{"rendered":"<p>Luj\u00e1n se medir\u00e1 ante Ca\u00f1uelas en un duelo que marcar\u00e1 el inicio de su camino en busca del protagonismo en el campeonato. El partido se disputar\u00e1 el s\u00e1bado, con el Lujanero en condici\u00f3n de visitante, a partir de las 17 horas.<\/p>\n","protected":false},"author":4,"featured_media":15717,"comment_status":"closed","ping_status":"closed","sticky":false,"template":"","format":"standard","meta":{"tdm_status":"","tdm_grid_status":"","footnotes":""},"categories":[8],"tags":[213,173,117,184,130],"class_list":{"0":"post-15715","1":"post","2":"type-post","3":"status-publish","4":"format-standard","5":"has-post-thumbnail","7":"category-futbol","8":"tag-canuelas","9":"tag-futbol","10":"tag-lujan","11":"tag-lujanero","12":"tag-primera-c"},"_links":{"self":[{"href":"https:\/\/diariodelujan.com\/xdeporte\/wp-json\/wp\/v2\/posts\/15715","targetHints":{"allow":["GET"]}}],"collection":[{"href":"https:\/\/diariodelujan.com\/xdeporte\/wp-json\/wp\/v2\/posts"}],"about":[{"href":"https:\/\/diariodelujan.com\/xdeporte\/wp-json\/wp\/v2\/types\/post"}],"author":[{"embeddable":true,"href":"https:\/\/diariodelujan.com\/xdeporte\/wp-json\/wp\/v2\/users\/4"}],"replies":[{"embeddable":true,"href":"https:\/\/diariodelujan.com\/xdeporte\/wp-json\/wp\/v2\/comments?post=15715"}],"version-history":[{"count":0,"href":"https:\/\/diariodelujan.com\/xdeporte\/wp-json\/wp\/v2\/posts\/15715\/revisions"}],"wp:featuredmedia":[{"embeddable":true,"href":"https:\/\/diariodelujan.com\/xdeporte\/wp-json\/wp\/v2\/media\/15717"}],"wp:attachment":[{"href":"https:\/\/diariodelujan.com\/xdeporte\/wp-json\/wp\/v2\/media?parent=15715"}],"wp:term":[{"taxonomy":"category","embeddable":true,"href":"https:\/\/diariodelujan.com\/xdeporte\/wp-json\/wp\/v2\/categories?post=15715"},{"taxonomy":"post_tag","embeddable":true,"href":"https:\/\/diariodelujan.com\/xdeporte\/wp-json\/wp\/v2\/tags?post=15715"}],"curies":[{"name":"wp","href":"https:\/\/api.w.org\/{rel}","templated":true}]}}