{"id":15723,"date":"2025-03-08T21:54:54","date_gmt":"2025-03-09T00:54:54","guid":{"rendered":"https:\/\/diariodelujan.com\/xdeporte\/?p=15723"},"modified":"2025-03-08T21:54:54","modified_gmt":"2025-03-09T00:54:54","slug":"lujan-arranco-ganando","status":"publish","type":"post","link":"https:\/\/diariodelujan.com\/xdeporte\/lujan-arranco-ganando\/","title":{"rendered":"Luj\u00e1n arranc\u00f3 el torneo con el pie derecho"},"content":{"rendered":"<p data-start=\"0\" data-end=\"376\"><span style=\"font-family: georgia, palatino, serif; font-size: 14pt;\"><em>En el partido disputado este s\u00e1bado en el estadio Jorge Alfredo Ar\u00edn, <a href=\"https:\/\/www.facebook.com\/www.clublujan.com.ar\" target=\"_blank\" rel=\"noopener\">Luj\u00e1n<\/a> arranc\u00f3 la temporada con una victoria ag\u00f3nica frente a Ca\u00f1uelas.<\/em><\/span><\/p>\n<p data-start=\"0\" data-end=\"376\"><!--more--><\/p>\n<p data-start=\"378\" data-end=\"404\">Tras una <a href=\"https:\/\/diariodelujan.com\/xdeporte\/lujan-cerro-la-pretemporada\/\" target=\"_blank\" rel=\"noopener\">intensa pretemporada<\/a>, Luj\u00e1n derrot\u00f3 al <em>Tambero<\/em> por la m\u00ednima diferencia con gol de S\u00e1nchez Olmos en tiempo de descuento.<\/p>\n<h4 data-start=\"378\" data-end=\"404\"><strong>Los protagonistas no pudieron romper el cero en el primer tiempo<\/strong><\/h4>\n<p data-start=\"406\" data-end=\"740\">Desde el inicio, ambos equipos mostraron una actitud ofensiva, buscando imponer su juego y generar oportunidades de gol. Ca\u00f1uelas, actuando como local, intent\u00f3 aprovechar su condici\u00f3n para adelantarse en el marcador, pero se encontr\u00f3 con una defensa <em>Lujanera<\/em> bien posicionada y un arquero atento que neutraliz\u00f3 las llegadas del rival.<\/p>\n<p data-start=\"742\" data-end=\"1031\">Por su parte, Luj\u00e1n no se qued\u00f3 atr\u00e1s y gener\u00f3 situaciones de peligro mediante transiciones r\u00e1pidas y jugadas colectivas que pusieron en aprietos a la defensa del local. Sin embargo, la falta de precisi\u00f3n en los \u00faltimos metros impidi\u00f3 que el marcador se abriera durante la primera mitad.<\/p>\n<h4 data-start=\"1033\" data-end=\"1058\"><strong data-start=\"1033\" data-end=\"1058\">El gol de Luj\u00e1n lleg\u00f3 en los \u00faltimos minutos<\/strong><\/h4>\n<p data-start=\"1060\" data-end=\"1527\">Cuando todo parec\u00eda indicar que el encuentro finalizar\u00eda en empate, <em>el Lujanero<\/em> logr\u00f3 capitalizar una de sus \u00faltimas oportunidades. En una jugada colectiva bien elaborada, el equipo visitante encontr\u00f3 el espacio necesario para vulnerar la defensa del <em>Tambero<\/em> y anotar el gol que les dar\u00eda la victoria. Este tanto, conseguido en los minutos finales, desat\u00f3 la euforia de los jugadores y del cuerpo t\u00e9cnico, conscientes de la importancia de comenzar el torneo con un triunfo.<\/p>\n<p data-start=\"2111\" data-end=\"2379\">Con este resultado, Luj\u00e1n suma sus primeros tres puntos en la Zona B de la Primera C Metropolitana. En el pr\u00f3ximo partido recibir\u00e1 a Victoriano Arenas en el estadio 1\u00b0 de Abril, donde buscar\u00e1n consolidar su buen inicio de temporada y brindar una alegr\u00eda a su hinchada.<\/p>\n","protected":false},"excerpt":{"rendered":"<p>En el partido disputado este s\u00e1bado en el estadio Jorge Alfredo Ar\u00edn, Luj\u00e1n arranc\u00f3 la temporada con una victoria ag\u00f3nica frente a Ca\u00f1uelas.<\/p>\n","protected":false},"author":4,"featured_media":15725,"comment_status":"closed","ping_status":"closed","sticky":false,"template":"","format":"standard","meta":{"tdm_status":"","tdm_grid_status":"","footnotes":""},"categories":[2,8],"tags":[213,173,117,184,130],"class_list":{"0":"post-15723","1":"post","2":"type-post","3":"status-publish","4":"format-standard","5":"has-post-thumbnail","7":"category-featured","8":"category-futbol","9":"tag-canuelas","10":"tag-futbol","11":"tag-lujan","12":"tag-lujanero","13":"tag-primera-c"},"_links":{"self":[{"href":"https:\/\/diariodelujan.com\/xdeporte\/wp-json\/wp\/v2\/posts\/15723","targetHints":{"allow":["GET"]}}],"collection":[{"href":"https:\/\/diariodelujan.com\/xdeporte\/wp-json\/wp\/v2\/posts"}],"about":[{"href":"https:\/\/diariodelujan.com\/xdeporte\/wp-json\/wp\/v2\/types\/post"}],"author":[{"embeddable":true,"href":"https:\/\/diariodelujan.com\/xdeporte\/wp-json\/wp\/v2\/users\/4"}],"replies":[{"embeddable":true,"href":"https:\/\/diariodelujan.com\/xdeporte\/wp-json\/wp\/v2\/comments?post=15723"}],"version-history":[{"count":0,"href":"https:\/\/diariodelujan.com\/xdeporte\/wp-json\/wp\/v2\/posts\/15723\/revisions"}],"wp:featuredmedia":[{"embeddable":true,"href":"https:\/\/diariodelujan.com\/xdeporte\/wp-json\/wp\/v2\/media\/15725"}],"wp:attachment":[{"href":"https:\/\/diariodelujan.com\/xdeporte\/wp-json\/wp\/v2\/media?parent=15723"}],"wp:term":[{"taxonomy":"category","embeddable":true,"href":"https:\/\/diariodelujan.com\/xdeporte\/wp-json\/wp\/v2\/categories?post=15723"},{"taxonomy":"post_tag","embeddable":true,"href":"https:\/\/diariodelujan.com\/xdeporte\/wp-json\/wp\/v2\/tags?post=15723"}],"curies":[{"name":"wp","href":"https:\/\/api.w.org\/{rel}","templated":true}]}}