{"id":15738,"date":"2025-03-12T23:35:04","date_gmt":"2025-03-13T02:35:04","guid":{"rendered":"https:\/\/diariodelujan.com\/xdeporte\/?p=15738"},"modified":"2025-03-12T23:35:04","modified_gmt":"2025-03-13T02:35:04","slug":"inscricion-olimpiadas-de-la-virgen","status":"publish","type":"post","link":"https:\/\/diariodelujan.com\/xdeporte\/inscricion-olimpiadas-de-la-virgen\/","title":{"rendered":"Se abrieron las inscripciones para las Olimpiadas Virgen de Luj\u00e1n"},"content":{"rendered":"<p><span style=\"font-family: georgia, palatino, serif; font-size: 14pt;\"><em>Ya se encuentran abiertas las inscripciones para participar de la Etapa Local de las<a href=\"https:\/\/diariodelujan.com\/personas-mayores-con-espacio-de-encuentro\/\"> Olimpiadas Virgen<\/a> de Luj\u00e1n 2025 que se disputar\u00e1n en el pr\u00f3ximo mes de abril.<\/em><\/span><\/p>\n<p><!--more--><\/p>\n<p>Se trata de una competencia dirigida a personas mayores de 60 a\u00f1os que contempla 17 disciplinas deportivas y 6 disciplinas culturales.<\/p>\n<h3><span style=\"font-size: 14pt;\"><strong>Inscripci\u00f3n a las Olimpiadas Virgen de Luj\u00e1n<\/strong><\/span><\/h3>\n<p>Est\u00e1n abiertas las inscripciones en pesca, paddle, caminata, pentatl\u00f3n, newcom, taba, sapo, escoba de 15, mus, truco, ajedrez, damas, chin chon, loter\u00eda, tenis de mesa, f\u00fatbol tenis y tejo.<\/p>\n<p>En cuanto a las culturales, se puede participar en pintura, dibujo, danzas folcl\u00f3ricas, danza de tango, solista vocal folclore y solista vocal tango.<\/p>\n<p>Las competencias de la Etapa Local se disputar\u00e1n en el mes de abril, en diferentes centros de jubilados del partido de Luj\u00e1n.<\/p>\n<p>Aquellas personas que clasifiquen, formar\u00e1n una selecci\u00f3n lujanense y representar\u00e1n al distrito cuando se disputen las finales de Olimpiadas en las instalaciones del <a href=\"https:\/\/clubeltimon.com.ar\/\" target=\"_blank\" rel=\"noopener\">Club N\u00e1utico \u201cEl Tim\u00f3n\u201d<\/a>, con la participaci\u00f3n de diversos municipios bonaerenses.<\/p>\n<p>Quienes deseen inscribirse pueden hacerlo hasta el pr\u00f3ximo 31 de marzo, llamando al <strong>2323 422159<\/strong> o dirigi\u00e9ndose a la Casita Municipal de las Personas Mayores (Alem 527), de lunes a viernes de 09:00 a 16:00 horas.<\/p>\n","protected":false},"excerpt":{"rendered":"<p>Ya se encuentran abiertas las inscripciones para participar de la Etapa Local de las Olimpiadas Virgen de Luj\u00e1n 2025 que se disputar\u00e1n en el pr\u00f3ximo mes de abril.<\/p>\n","protected":false},"author":4,"featured_media":15739,"comment_status":"closed","ping_status":"closed","sticky":false,"template":"","format":"standard","meta":{"tdm_status":"","tdm_grid_status":"","footnotes":""},"categories":[17,2],"tags":[434,435],"class_list":{"0":"post-15738","1":"post","2":"type-post","3":"status-publish","4":"format-standard","5":"has-post-thumbnail","7":"category-deportes","8":"category-featured","9":"tag-olimpiadas","10":"tag-olimpiadas-virgen-de-lujan"},"_links":{"self":[{"href":"https:\/\/diariodelujan.com\/xdeporte\/wp-json\/wp\/v2\/posts\/15738","targetHints":{"allow":["GET"]}}],"collection":[{"href":"https:\/\/diariodelujan.com\/xdeporte\/wp-json\/wp\/v2\/posts"}],"about":[{"href":"https:\/\/diariodelujan.com\/xdeporte\/wp-json\/wp\/v2\/types\/post"}],"author":[{"embeddable":true,"href":"https:\/\/diariodelujan.com\/xdeporte\/wp-json\/wp\/v2\/users\/4"}],"replies":[{"embeddable":true,"href":"https:\/\/diariodelujan.com\/xdeporte\/wp-json\/wp\/v2\/comments?post=15738"}],"version-history":[{"count":0,"href":"https:\/\/diariodelujan.com\/xdeporte\/wp-json\/wp\/v2\/posts\/15738\/revisions"}],"wp:featuredmedia":[{"embeddable":true,"href":"https:\/\/diariodelujan.com\/xdeporte\/wp-json\/wp\/v2\/media\/15739"}],"wp:attachment":[{"href":"https:\/\/diariodelujan.com\/xdeporte\/wp-json\/wp\/v2\/media?parent=15738"}],"wp:term":[{"taxonomy":"category","embeddable":true,"href":"https:\/\/diariodelujan.com\/xdeporte\/wp-json\/wp\/v2\/categories?post=15738"},{"taxonomy":"post_tag","embeddable":true,"href":"https:\/\/diariodelujan.com\/xdeporte\/wp-json\/wp\/v2\/tags?post=15738"}],"curies":[{"name":"wp","href":"https:\/\/api.w.org\/{rel}","templated":true}]}}