{"id":15754,"date":"2025-03-15T20:30:45","date_gmt":"2025-03-15T23:30:45","guid":{"rendered":"https:\/\/diariodelujan.com\/xdeporte\/?p=15754"},"modified":"2025-03-15T20:30:45","modified_gmt":"2025-03-15T23:30:45","slug":"lujan-recibe-a-victoriano-arenas","status":"publish","type":"post","link":"https:\/\/diariodelujan.com\/xdeporte\/lujan-recibe-a-victoriano-arenas\/","title":{"rendered":"Luj\u00e1n busca un triunfo ante Victoriano Arenas"},"content":{"rendered":"<p data-pm-slice=\"1 1 []\"><span style=\"font-family: georgia, palatino, serif; font-size: 14pt;\"><em>Durante la jornada de futbol de este fin de semana, <a href=\"https:\/\/www.facebook.com\/www.clublujan.com.ar\" target=\"_blank\" rel=\"noopener\">Luj\u00e1n<\/a> se enfrenta a Victoriano Arenas en su primer partido en casa. Con la necesidad de sumar de a tres, el Lujanero buscar\u00e1 hacer valer su local\u00eda y seguir escalando en la tabla de posiciones.<\/em><\/span><\/p>\n<p data-pm-slice=\"1 1 []\"><!--more--><\/p>\n<h4><strong>Luj\u00e1n quiere reafirmar su buen momento<\/strong><\/h4>\n<p>El equipo dirigido por Santiago Fredes llega a este encuentro con la moral en alto tras conseguir un <a href=\"https:\/\/diariodelujan.com\/xdeporte\/lujan-arranco-ganando\/\" target=\"_blank\" rel=\"noopener\">valioso triunfo en la primera fecha<\/a>. Por eso, sabe que en casa no puede dejar puntos en el camino si quiere mantenerse en la pelea por los puestos de ascenso. Con una defensa consolidada y un mediocampo din\u00e1mico, Luj\u00e1n intentar\u00e1 imponer condiciones desde el arranque.<\/p>\n<h4><strong>Victoriano Arenas buscar\u00e1 redenci\u00f3n fuera de casa<\/strong><\/h4>\n<p>El conjunto de Valent\u00edn Alsina llega con urgencias. Victoriano no atraviesa su mejor momento y busca recuperarse ante el conjunto de la Bas\u00edlica.\u00a0Si bien no es favorito en este duelo, el equipo intentar\u00e1 cerrarle los espacios a Luj\u00e1n y aprovechar cualquier error defensivo para lastimar de contraataque.<\/p>\n<h4><strong>Antecedentes recientes<\/strong><\/h4>\n<p>El historial entre ambos muestra como favorito al local, quien ha sabido hacerse fuerte en los \u00faltimos enfrentamientos. M\u00e1s espec\u00edficamente, en el \u00faltimo partido, fueron los de la banda quienes se quedaron con los tres puntos, tras una victoria por 3 a 1.<\/p>\n<p>Con el aliento de su gente, <em>el Lujanero<\/em> buscar\u00e1 imponerse y seguir so\u00f1ando en grande.\u00a0El partido se llevar\u00e1 a cabo este domingo a las 15:30 horas, en el estadio 1\u00b0 de Abril.<\/p>\n","protected":false},"excerpt":{"rendered":"<p>Durante la jornada de futbol de este fin de semana, Luj\u00e1n se enfrenta a Victoriano Arenas en su primer partido en casa. Con la necesidad de sumar de a tres, el Lujanero buscar\u00e1 hacer valer su local\u00eda y seguir escalando en la tabla de posiciones.<\/p>\n","protected":false},"author":4,"featured_media":15826,"comment_status":"closed","ping_status":"closed","sticky":false,"template":"","format":"standard","meta":{"tdm_status":"","tdm_grid_status":"","footnotes":""},"categories":[8],"tags":[173,117,184,130,235],"class_list":{"0":"post-15754","1":"post","2":"type-post","3":"status-publish","4":"format-standard","5":"has-post-thumbnail","7":"category-futbol","8":"tag-futbol","9":"tag-lujan","10":"tag-lujanero","11":"tag-primera-c","12":"tag-victoriano-arenas"},"_links":{"self":[{"href":"https:\/\/diariodelujan.com\/xdeporte\/wp-json\/wp\/v2\/posts\/15754","targetHints":{"allow":["GET"]}}],"collection":[{"href":"https:\/\/diariodelujan.com\/xdeporte\/wp-json\/wp\/v2\/posts"}],"about":[{"href":"https:\/\/diariodelujan.com\/xdeporte\/wp-json\/wp\/v2\/types\/post"}],"author":[{"embeddable":true,"href":"https:\/\/diariodelujan.com\/xdeporte\/wp-json\/wp\/v2\/users\/4"}],"replies":[{"embeddable":true,"href":"https:\/\/diariodelujan.com\/xdeporte\/wp-json\/wp\/v2\/comments?post=15754"}],"version-history":[{"count":0,"href":"https:\/\/diariodelujan.com\/xdeporte\/wp-json\/wp\/v2\/posts\/15754\/revisions"}],"wp:featuredmedia":[{"embeddable":true,"href":"https:\/\/diariodelujan.com\/xdeporte\/wp-json\/wp\/v2\/media\/15826"}],"wp:attachment":[{"href":"https:\/\/diariodelujan.com\/xdeporte\/wp-json\/wp\/v2\/media?parent=15754"}],"wp:term":[{"taxonomy":"category","embeddable":true,"href":"https:\/\/diariodelujan.com\/xdeporte\/wp-json\/wp\/v2\/categories?post=15754"},{"taxonomy":"post_tag","embeddable":true,"href":"https:\/\/diariodelujan.com\/xdeporte\/wp-json\/wp\/v2\/tags?post=15754"}],"curies":[{"name":"wp","href":"https:\/\/api.w.org\/{rel}","templated":true}]}}