{"id":15775,"date":"2025-03-16T19:57:50","date_gmt":"2025-03-16T22:57:50","guid":{"rendered":"https:\/\/diariodelujan.com\/xdeporte\/?p=15775"},"modified":"2025-03-16T19:57:50","modified_gmt":"2025-03-16T22:57:50","slug":"lujan-derroto-a-victoriano","status":"publish","type":"post","link":"https:\/\/diariodelujan.com\/xdeporte\/lujan-derroto-a-victoriano\/","title":{"rendered":"Luj\u00e1n derrot\u00f3 a Victoriano y qued\u00f3 como l\u00edder"},"content":{"rendered":"<p data-pm-slice=\"1 1 []\"><span style=\"font-family: georgia, palatino, serif; font-size: 14pt;\"><em>En la tarde de este domingo, <a href=\"https:\/\/www.facebook.com\/www.clublujan.com.ar\" target=\"_blank\" rel=\"noopener\">Luj\u00e1n<\/a> derrot\u00f3 a Victoriano Arenas en condici\u00f3n de local y qued\u00f3 posicionado como l\u00edder de la Primera C.<\/em><\/span><\/p>\n<p data-pm-slice=\"1 1 []\"><!--more--><\/p>\n<p>Tras un <a href=\"https:\/\/diariodelujan.com\/xdeporte\/lujan-arranco-ganando\/\" target=\"_blank\" rel=\"noopener\">buen arranque de campeonato<\/a>, Luj\u00e1n recibi\u00f3 este fin de semana a Victoriano Arenas, en el 1\u00b0 de Abril.<\/p>\n<h4><strong>Los 90 minutos de Luj\u00e1n<\/strong><\/h4>\n<p>Desde el arranque, el conjunto dirigido por Fredes demostr\u00f3 su solidez y capacidad ofensiva. Aunque los primeros minutos fueron parejos, poco a poco, el local se adue\u00f1\u00f3 del encuentro y empez\u00f3 a generar situaciones claras.<\/p>\n<p>La apertura del marcador lleg\u00f3 tras una gran jugada colectiva: un centro milim\u00e9trico de Facundo Rojas encontr\u00f3 la cabeza de Tom\u00e1s Luj\u00e1n, quien con un frentazo letal decret\u00f3 el 1 a 0.<\/p>\n<p>Victoriano intent\u00f3 reaccionar, pero se expuso en defensa. Esto fue aprovechado por Pedro Alfonso, quien habilit\u00f3 con gran precisi\u00f3n a Eladio Ramos. El colombiano, con sangre fr\u00eda, defini\u00f3 ante el arquero Abalos y estableci\u00f3 el 2 a 0.<\/p>\n<p>Cuando el local buscaba ampliar la ventaja, <em>el CAVA<\/em> logr\u00f3 descontar en una jugada a\u00e9rea. Un tiro de esquina bien ejecutado dej\u00f3 solo a Alan Salmant\u00f3n, quien conect\u00f3 de cabeza y venci\u00f3 a Mat\u00edas Lescano para el 2 a 1.<\/p>\n<h4><strong>Un segundo tiempo caliente<\/strong><\/h4>\n<p>En la segunda mitad, la tensi\u00f3n creci\u00f3 y el \u00e1rbitro tuvo que intervenir con varias tarjetas rojas. Dos jugadores de Victoriano Arenas vieron la expulsi\u00f3n, al igual que Juan Rom\u00e1n L\u00f3pez en el local.<\/p>\n<p>Con el encuentro desordenado y con espacios, los de la Bas\u00edlica liquidaron el partido en un contragolpe letal. Tom\u00e1s Luj\u00e1n desbord\u00f3 por derecha y envi\u00f3 un pase atr\u00e1s preciso para la llegada de Juli\u00e1n Ford, quien s\u00f3lo tuvo que empujarla para sellar el 3 a 1 definitivo.<\/p>\n<p>De esta manera, Luj\u00e1n sum\u00f3 su segunda victoria consecutiva y se posiciona como l\u00edder indiscutido de la Zona B en la Primera C. El equipo sigue demostrando su jerarqu\u00eda y ahora se prepara para su pr\u00f3ximo desaf\u00edo con la confianza en alza.<\/p>\n<p>El pr\u00f3ximo compromiso del <em>Lujanero<\/em> ser\u00e1 ante Central Ballester, conjunto que visitar\u00e1 por la fecha 3.<\/p>\n","protected":false},"excerpt":{"rendered":"<p>En la tarde de este domingo, Luj\u00e1n derrot\u00f3 a Victoriano Arenas en condici\u00f3n de local y qued\u00f3 posicionado como l\u00edder de la Primera C.<\/p>\n","protected":false},"author":4,"featured_media":15823,"comment_status":"closed","ping_status":"closed","sticky":false,"template":"","format":"standard","meta":{"tdm_status":"","tdm_grid_status":"","footnotes":""},"categories":[2,8],"tags":[173,117,184,130,235],"class_list":{"0":"post-15775","1":"post","2":"type-post","3":"status-publish","4":"format-standard","5":"has-post-thumbnail","7":"category-featured","8":"category-futbol","9":"tag-futbol","10":"tag-lujan","11":"tag-lujanero","12":"tag-primera-c","13":"tag-victoriano-arenas"},"_links":{"self":[{"href":"https:\/\/diariodelujan.com\/xdeporte\/wp-json\/wp\/v2\/posts\/15775","targetHints":{"allow":["GET"]}}],"collection":[{"href":"https:\/\/diariodelujan.com\/xdeporte\/wp-json\/wp\/v2\/posts"}],"about":[{"href":"https:\/\/diariodelujan.com\/xdeporte\/wp-json\/wp\/v2\/types\/post"}],"author":[{"embeddable":true,"href":"https:\/\/diariodelujan.com\/xdeporte\/wp-json\/wp\/v2\/users\/4"}],"replies":[{"embeddable":true,"href":"https:\/\/diariodelujan.com\/xdeporte\/wp-json\/wp\/v2\/comments?post=15775"}],"version-history":[{"count":0,"href":"https:\/\/diariodelujan.com\/xdeporte\/wp-json\/wp\/v2\/posts\/15775\/revisions"}],"wp:featuredmedia":[{"embeddable":true,"href":"https:\/\/diariodelujan.com\/xdeporte\/wp-json\/wp\/v2\/media\/15823"}],"wp:attachment":[{"href":"https:\/\/diariodelujan.com\/xdeporte\/wp-json\/wp\/v2\/media?parent=15775"}],"wp:term":[{"taxonomy":"category","embeddable":true,"href":"https:\/\/diariodelujan.com\/xdeporte\/wp-json\/wp\/v2\/categories?post=15775"},{"taxonomy":"post_tag","embeddable":true,"href":"https:\/\/diariodelujan.com\/xdeporte\/wp-json\/wp\/v2\/tags?post=15775"}],"curies":[{"name":"wp","href":"https:\/\/api.w.org\/{rel}","templated":true}]}}