{"id":15779,"date":"2025-03-16T22:13:30","date_gmt":"2025-03-17T01:13:30","guid":{"rendered":"https:\/\/diariodelujan.com\/xdeporte\/?p=15779"},"modified":"2025-03-16T22:13:30","modified_gmt":"2025-03-17T01:13:30","slug":"arranco-el-2025-para-tc-de-acal","status":"publish","type":"post","link":"https:\/\/diariodelujan.com\/xdeporte\/arranco-el-2025-para-tc-de-acal\/","title":{"rendered":"TC DE ACAL: \u00a1Arranc\u00f3 el 2025 con un carrer\u00f3n inolvidable en Capital de la Fe!"},"content":{"rendered":"<p><span style=\"font-family: georgia, palatino, serif; font-size: 14pt;\"><em>El rugido de los motores volvi\u00f3 a sonar con fuerza en la pista lujanense, en la vibrante ciudad conocida como Capital de la Fe. Este fin de semana se disput\u00f3 la primera carrera del a\u00f1o de la categor\u00eda TC DE ACAL 1\/24, conocida como &#8220;la m\u00e1xima&#8221;, y el espect\u00e1culo no defraud\u00f3.<\/em><!--more--><\/span><\/p>\n<p>Con un parque automotor imponente y una competencia vibrante, qued\u00f3 claro que el receso veraniego no fue sin\u00f3nimo de descanso para los equipos: los talleres trabajaron a fondo para poner a punto m\u00e1quinas de alt\u00edsimo nivel que brillaron en esta apertura del 2025.<\/p>\n<p><a href=\"https:\/\/diariodelujan.com\/wp-content\/uploads\/2025\/03\/TC-CHICOS-CARRERA-A.webp\"><img loading=\"lazy\" decoding=\"async\" class=\"alignnone size-full wp-image-25211\" src=\"https:\/\/diariodelujan.com\/wp-content\/uploads\/2025\/03\/TC-CHICOS-CARRERA-A.webp\" alt=\"TC de ACAL CARRERA B\" width=\"900\" height=\"448\" title=\"\"><\/a><\/p>\n<h3><strong>Fernando Guagliardi se lleva la gloria con autoridad<\/strong><\/h3>\n<p>El piloto local Fernando Guagliardi se alz\u00f3 con una victoria contundente, demostrando un dominio absoluto desde el arranque. Su auto, una obra maestra tanto en est\u00e9tica como en rendimiento, luci\u00f3 impecable y respondi\u00f3 a la perfecci\u00f3n en cada giro. Con un manejo preciso y una puesta a punto que roz\u00f3 la perfecci\u00f3n, Guagliardi complet\u00f3 157.02 vueltas al momento del banderazo final, dejando sin chances a sus perseguidores. &#8220;Fue una carrera so\u00f1ada, el auto estuvo incre\u00edble y el equipo hizo un trabajo espectacular&#8221;, expres\u00f3 el ganador tras bajar del podio.<br \/>\nEn segundo lugar, tras una lucha feroz por alcanzar al l\u00edder, lleg\u00f3<a href=\"https:\/\/diariodelujan.com\/ninkov-volvio-a-los-primeros-planos-del-tc\/\"> Horacio Ninkov<\/a> con 155.26 giros. Su actuaci\u00f3n fue un verdadero espect\u00e1culo, manteniendo la presi\u00f3n sobre Guagliardi hasta el \u00faltimo instante. El podio lo complet\u00f3 Adri\u00e1n Simonetti, quien con 154.31 vueltas reverdeci\u00f3 los laureles cosechados en 2024 y se consolid\u00f3 como un nombre fuerte para este a\u00f1o en el TC DE ACAL.<br \/>\nUn arranque con talento y emoci\u00f3n.<\/p>\n<p><a href=\"https:\/\/diariodelujan.com\/wp-content\/uploads\/2025\/03\/TC-CHICOS-cenaC.webp\"><img loading=\"lazy\" decoding=\"async\" class=\"alignnone size-full wp-image-25212\" src=\"https:\/\/diariodelujan.com\/wp-content\/uploads\/2025\/03\/TC-CHICOS-cenaC.webp\" alt=\"TC de ACAL asado\" width=\"900\" height=\"554\" title=\"\"><\/a><\/p>\n<p>El nivel competitivo no se limit\u00f3 al podio. Lautaro Etchetto, joven promesa que hab\u00eda brillado como poleman y tercero en la final de Blindados del Provincial 2025, se qued\u00f3 con el cuarto puesto tras registrar 151.33 giros. El velocista Sergio La Vega lo sigui\u00f3 de cerca en quinto lugar con 151.09, mientras que Juan Delgado, algo lejos de sus mejores d\u00edas, cerr\u00f3 el top 6 con 150.27 vueltas.<\/p>\n<p>Christian Melconian, conocido como &#8220;el asador m\u00e1s importante de Luj\u00e1n&#8221; y una figura carism\u00e1tica dentro y fuera de la pista, lleg\u00f3 s\u00e9ptimo con 146.81 giros. Por su parte, Christian Guagliardi (hermano del ganador) se ubic\u00f3 octavo con 144.99.<\/p>\n<p>El siempre amable Javier Casanova alcanz\u00f3 el noveno lugar con 137 vueltas, superando a Javier Etchetto, quien tuvo problemas mec\u00e1nicos y termin\u00f3 d\u00e9cimo con 127.16.<br \/>\nLa clasificaci\u00f3n la cerraron Javier Blaiotta (11\u00b0, 123.99) y Julio Bevilaqua, proveniente de Moreno, en el 12\u00b0 lugar con 120.99 giros. A pesar de los inconvenientes, ambos pilotos dejaron todo en la pista y sumaron al esp\u00edritu combativo que caracteriz\u00f3 esta fecha inaugural del TC de ACAL.<\/p>\n<h3><strong>M\u00e1s que una carrera: una experiencia completa<\/strong><\/h3>\n<p>La jornada no solo se destac\u00f3 por la acci\u00f3n en pista. Como ya es tradici\u00f3n en ACAL, la organizaci\u00f3n ofreci\u00f3 un cierre gastron\u00f3mico de lujo que deleit\u00f3 a todos los presentes. Pilotos de Campana, Capilla del Se\u00f1or, Carmen de Areco, Pilar y Cardales se sumaron a la velada, aportando un ambiente de camarader\u00eda que elev\u00f3 a\u00fan m\u00e1s la experiencia. &#8220;Diez puntos para la carrera, diez para la cena y diez para una noche inolvidable&#8221;, coincidieron los asistentes, destacando el esfuerzo de la organizaci\u00f3n por hacer de este evento un recuerdo imborrable.<\/p>\n<p><a href=\"https:\/\/diariodelujan.com\/wp-content\/uploads\/2025\/03\/TC-de-ACAL-CHICOS-CARRERA-F.webp\"><img loading=\"lazy\" decoding=\"async\" class=\"alignnone size-full wp-image-25213\" src=\"https:\/\/diariodelujan.com\/wp-content\/uploads\/2025\/03\/TC-de-ACAL-CHICOS-CARRERA-F.webp\" alt=\"TC de ACAL\" width=\"808\" height=\"506\" title=\"\"><\/a><\/p>\n<h3><strong>El TC DE ACAL 2025 promete un a\u00f1o apasionante<\/strong><\/h3>\n<p>Con esta primera carrera puntuable del 2025, el<a href=\"https:\/\/autoshowslot.blogspot.com\/\" target=\"_blank\" rel=\"noopener\"> TC DE ACAL<\/a> dej\u00f3 en claro que viene con todo. La combinaci\u00f3n de autos perfectamente preparados, pilotos talentosos y una organizaci\u00f3n impecable sent\u00f3 las bases para una temporada que promete emociones fuertes. La pista de Capital de la Fe vibr\u00f3 con cada aceleraci\u00f3n, y el p\u00fablico ya espera con ansias la pr\u00f3xima fecha para ver c\u00f3mo se desarrolla esta apasionante categor\u00eda.<\/p>\n<p>Desde el equipo de prensa de Ricardo Vega (contacto: 11 67036196), felicitamos a Fernando Guagliardi, al podio y a todos los participantes por dar inicio al a\u00f1o con un carrer\u00f3n que quedar\u00e1 en la memoria de los fan\u00e1ticos del automovilismo. El TC DE ACAL est\u00e1 de vuelta, y este 2025 se perfila como un cap\u00edtulo imperdible en su historia.<\/p>\n","protected":false},"excerpt":{"rendered":"<p>El rugido de los motores volvi\u00f3 a sonar con fuerza en la pista lujanense, en la vibrante ciudad conocida como Capital de la Fe. Este fin de semana se disput\u00f3 la primera carrera del a\u00f1o de la categor\u00eda TC DE ACAL 1\/24, conocida como &#8220;la m\u00e1xima&#8221;, y el espect\u00e1culo no defraud\u00f3.<\/p>\n","protected":false},"author":4,"featured_media":15781,"comment_status":"closed","ping_status":"closed","sticky":false,"template":"","format":"standard","meta":{"tdm_status":"","tdm_grid_status":"","footnotes":""},"categories":[20,2],"tags":[],"class_list":{"0":"post-15779","1":"post","2":"type-post","3":"status-publish","4":"format-standard","5":"has-post-thumbnail","7":"category-automodelismo","8":"category-featured"},"_links":{"self":[{"href":"https:\/\/diariodelujan.com\/xdeporte\/wp-json\/wp\/v2\/posts\/15779","targetHints":{"allow":["GET"]}}],"collection":[{"href":"https:\/\/diariodelujan.com\/xdeporte\/wp-json\/wp\/v2\/posts"}],"about":[{"href":"https:\/\/diariodelujan.com\/xdeporte\/wp-json\/wp\/v2\/types\/post"}],"author":[{"embeddable":true,"href":"https:\/\/diariodelujan.com\/xdeporte\/wp-json\/wp\/v2\/users\/4"}],"replies":[{"embeddable":true,"href":"https:\/\/diariodelujan.com\/xdeporte\/wp-json\/wp\/v2\/comments?post=15779"}],"version-history":[{"count":0,"href":"https:\/\/diariodelujan.com\/xdeporte\/wp-json\/wp\/v2\/posts\/15779\/revisions"}],"wp:featuredmedia":[{"embeddable":true,"href":"https:\/\/diariodelujan.com\/xdeporte\/wp-json\/wp\/v2\/media\/15781"}],"wp:attachment":[{"href":"https:\/\/diariodelujan.com\/xdeporte\/wp-json\/wp\/v2\/media?parent=15779"}],"wp:term":[{"taxonomy":"category","embeddable":true,"href":"https:\/\/diariodelujan.com\/xdeporte\/wp-json\/wp\/v2\/categories?post=15779"},{"taxonomy":"post_tag","embeddable":true,"href":"https:\/\/diariodelujan.com\/xdeporte\/wp-json\/wp\/v2\/tags?post=15779"}],"curies":[{"name":"wp","href":"https:\/\/api.w.org\/{rel}","templated":true}]}}