{"id":15795,"date":"2025-03-21T19:15:10","date_gmt":"2025-03-21T22:15:10","guid":{"rendered":"https:\/\/diariodelujan.com\/xdeporte\/?p=15795"},"modified":"2025-03-21T19:15:10","modified_gmt":"2025-03-21T22:15:10","slug":"lujan-busca-seguir-ganando","status":"publish","type":"post","link":"https:\/\/diariodelujan.com\/xdeporte\/lujan-busca-seguir-ganando\/","title":{"rendered":"Luj\u00e1n busca seguir con puntaje perfecto ante el Canalla"},"content":{"rendered":"<p data-pm-slice=\"1 1 []\"><span style=\"font-family: georgia, palatino, serif; font-size: 14pt;\"><em><a href=\"https:\/\/www.facebook.com\/www.clublujan.com.ar\" target=\"_blank\" rel=\"noopener\">Luj\u00e1n<\/a> atraviesa un buen momento en la Primera C y este s\u00e1bado tendr\u00e1 un nuevo desaf\u00edo cuando visite a Central Ballester por la tercera fecha de la Zona B.<\/em><\/span><\/p>\n<p data-pm-slice=\"1 1 []\"><!--more--><\/p>\n<p data-pm-slice=\"1 1 []\">Tras obtener su <a href=\"https:\/\/diariodelujan.com\/xdeporte\/lujan-derroto-a-victoriano\/\" target=\"_blank\" rel=\"noopener\">segundo triunfo<\/a>, Luj\u00e1n enfrentar\u00e1 al <em>Canalla<\/em> y\u00a0buscar\u00e1 mantener su inicio so\u00f1ado, ya que viene de dos triunfos en fila y lidera con puntaje ideal.<\/p>\n<h4><strong>Luj\u00e1n, con confianza y hambre de m\u00e1s<\/strong><\/h4>\n<p><em>El Lujanero<\/em> ha demostrado ser un equipo s\u00f3lido y efectivo en este arranque de temporada. En su debut venci\u00f3 a Ca\u00f1uelas y luego reafirm\u00f3 su gran nivel con un contundente 3-1 sobre Victoriano Arenas. Con seis puntos en el bolsillo y una delantera en racha, el conjunto de La Bas\u00edlica llega como favorito a este compromiso.<\/p>\n<p>Uno de los puntos altos del equipo ha sido su poder\u00edo ofensivo. Tom\u00e1s Luj\u00e1n viene encendido, Juli\u00e1n Ford aporta desequilibrio y Eladio Ramos ha demostrado ser clave en la definici\u00f3n. A esto se suma un mediocampo firme y una defensa que, m\u00e1s all\u00e1 del gol recibido en la fecha pasada, ha respondido bien en los momentos cr\u00edticos.<\/p>\n<h4><strong>El desaf\u00edo de Central Ballester<\/strong><\/h4>\n<p><em>El Canalla<\/em> de Jos\u00e9 Le\u00f3n Su\u00e1rez no ha tenido el arranque deseado y necesita sumar para no perder terreno en la tabla. Enfrentar a Luj\u00e1n ser\u00e1 una prueba de fuego para un equipo que buscar\u00e1 hacerse fuerte como local y cortar la racha positiva de su rival.<\/p>\n<p>Ballester sabe que debe ser ordenado defensivamente y aprovechar cada situaci\u00f3n a pelota parada para inquietar al <em>Lujanero<\/em>. Sus principales cartas de ataque deber\u00e1n estar finas si quieren sorprender al l\u00edder.<\/p>\n<h4><strong>Historial y antecedentes recientes<\/strong><\/h4>\n<p>Si bien en los \u00faltimos a\u00f1os no se han enfrentado con regularidad, cada partido entre estos equipos suele ser disputado y parejo. Luj\u00e1n buscar\u00e1 imponer su jerarqu\u00eda y aprovechar el env\u00edo an\u00edmico, mientras que Ballester tratar\u00e1 de hacerse fuerte en casa para dar el golpe.<\/p>\n<p>Para los dirigidos por Fredes, ganar significar\u00eda mantenerse en la cima con un arranque ideal de 9 puntos sobre 9 posibles. Para el local, sumar ser\u00eda vital para acomodarse en la tabla y tomar confianza en el campeonato. El encuentro se llevar\u00e1 a cabo este s\u00e1bado, a partir de las 15:30 hs.<\/p>\n<p>&nbsp;<\/p>\n","protected":false},"excerpt":{"rendered":"<p>Luj\u00e1n atraviesa un buen momento en la Primera C y este s\u00e1bado tendr\u00e1 un nuevo desaf\u00edo cuando visite a Central Ballester por la tercera fecha de la Zona B.<\/p>\n","protected":false},"author":4,"featured_media":15822,"comment_status":"closed","ping_status":"closed","sticky":false,"template":"","format":"standard","meta":{"tdm_status":"","tdm_grid_status":"","footnotes":""},"categories":[8],"tags":[231,173,117,184,130],"class_list":{"0":"post-15795","1":"post","2":"type-post","3":"status-publish","4":"format-standard","5":"has-post-thumbnail","7":"category-futbol","8":"tag-central-ballester","9":"tag-futbol","10":"tag-lujan","11":"tag-lujanero","12":"tag-primera-c"},"_links":{"self":[{"href":"https:\/\/diariodelujan.com\/xdeporte\/wp-json\/wp\/v2\/posts\/15795","targetHints":{"allow":["GET"]}}],"collection":[{"href":"https:\/\/diariodelujan.com\/xdeporte\/wp-json\/wp\/v2\/posts"}],"about":[{"href":"https:\/\/diariodelujan.com\/xdeporte\/wp-json\/wp\/v2\/types\/post"}],"author":[{"embeddable":true,"href":"https:\/\/diariodelujan.com\/xdeporte\/wp-json\/wp\/v2\/users\/4"}],"replies":[{"embeddable":true,"href":"https:\/\/diariodelujan.com\/xdeporte\/wp-json\/wp\/v2\/comments?post=15795"}],"version-history":[{"count":0,"href":"https:\/\/diariodelujan.com\/xdeporte\/wp-json\/wp\/v2\/posts\/15795\/revisions"}],"wp:featuredmedia":[{"embeddable":true,"href":"https:\/\/diariodelujan.com\/xdeporte\/wp-json\/wp\/v2\/media\/15822"}],"wp:attachment":[{"href":"https:\/\/diariodelujan.com\/xdeporte\/wp-json\/wp\/v2\/media?parent=15795"}],"wp:term":[{"taxonomy":"category","embeddable":true,"href":"https:\/\/diariodelujan.com\/xdeporte\/wp-json\/wp\/v2\/categories?post=15795"},{"taxonomy":"post_tag","embeddable":true,"href":"https:\/\/diariodelujan.com\/xdeporte\/wp-json\/wp\/v2\/tags?post=15795"}],"curies":[{"name":"wp","href":"https:\/\/api.w.org\/{rel}","templated":true}]}}