{"id":15806,"date":"2025-03-22T20:11:00","date_gmt":"2025-03-22T23:11:00","guid":{"rendered":"https:\/\/diariodelujan.com\/xdeporte\/?p=15806"},"modified":"2025-03-22T20:11:00","modified_gmt":"2025-03-22T23:11:00","slug":"lujan-le-gano-a-ballester","status":"publish","type":"post","link":"https:\/\/diariodelujan.com\/xdeporte\/lujan-le-gano-a-ballester\/","title":{"rendered":"Luj\u00e1n le gan\u00f3 a Ballester y sigue imparable"},"content":{"rendered":"<p><span style=\"font-family: georgia, palatino, serif; font-size: 14pt;\"><em><a href=\"https:\/\/www.facebook.com\/www.clublujan.com.ar\" target=\"_blank\" rel=\"noopener\">Luj\u00e1n<\/a> contin\u00faa con su racha ganadora y esta vez se impuso ante Central Ballester en Jos\u00e9 Le\u00f3n Su\u00e1rez.<\/em><\/span><\/p>\n<p><!--more--><\/p>\n<p>Luego del <a href=\"https:\/\/diariodelujan.com\/xdeporte\/lujan-derroto-a-victoriano\/\" target=\"_blank\" rel=\"noopener\">triunfo sobre Victoriano<\/a>, Luj\u00e1n logr\u00f3 su tercera victoria consecutiva y se mantiene en lo m\u00e1s alto de la Zona B.<\/p>\n<h4><strong>Dominio inicial de Luj\u00e1n<\/strong><\/h4>\n<p>Desde el inicio, <em>el Lujanero<\/em> sali\u00f3 decidido a imponer condiciones y gener\u00f3 la primera gran ocasi\u00f3n de peligro. Un centro preciso encontr\u00f3 a Leandro Coronel, quien con un potente remate de cabeza estrell\u00f3 la pelota en el travesa\u00f1o. En el rebote, Eladio Ramos intent\u00f3 definir, pero el arquero Dami\u00e1n Ram\u00edrez reaccion\u00f3 r\u00e1pido y evit\u00f3 la apertura del marcador sobre la l\u00ednea.<\/p>\n<p>A medida que avanzaban los minutos, el juego se emparej\u00f3, con Central Ballester apostando por el orden defensivo y el contraataque. Aun as\u00ed, la visita tuvo otra situaci\u00f3n clara a trav\u00e9s de un tiro libre de Tom\u00e1s Bellido que Ram\u00edrez desvi\u00f3 con una gran estirada. Luego, una corrida de Ramos tras un error defensivo casi termina en gol, pero nuevamente el arquero del local achic\u00f3 a tiempo.<\/p>\n<h4><strong>Un complemento de ida y vuelta<\/strong><\/h4>\n<p>En el segundo tiempo, el encuentro mantuvo un desarrollo parejo. el due\u00f1o de casa adelant\u00f3 sus l\u00edneas y por momentos puso en aprietos a la defensa lujanense. Sin embargo, los dirigidos por Santiago Fredes se mantuvieron firmes y buscaron lastimar con transiciones r\u00e1pidas.<\/p>\n<p>Cuando todo parec\u00eda indicar un empate sin goles, apareci\u00f3 la salvaci\u00f3n para romper la paridad. Con el tiempo reglamentario cumplido, Mat\u00edas Lescano envi\u00f3 un pelotazo largo que fue rechazado por la defensa local. Facundo Rojas recuper\u00f3 la pelota y con gran visi\u00f3n filtr\u00f3 un pase perfecto para Lucas G\u00f3mez, quien con frialdad eludi\u00f3 a un rival dentro del \u00e1rea y defini\u00f3 junto a la base del palo izquierdo. Gol y festejo desatado.<\/p>\n<h4><strong>Un l\u00edder con ambiciones<\/strong><\/h4>\n<p>Con este triunfo, Luj\u00e1n alcanz\u00f3 su tercera victoria consecutiva y es puntero junto con Juventud Unida en la Zona B de la Primera C. La solidez defensiva, el buen manejo del mediocampo y la efectividad en ataque son las claves de un equipo que aspira a pelear por el ascenso.<\/p>\n<p>Ahora, <em>el Lujanero<\/em> se preparar\u00e1 para su pr\u00f3ximo desaf\u00edo. Recibe a Sportivo Barracas en el 1\u00b0 de Abril.<\/p>\n","protected":false},"excerpt":{"rendered":"<p>Luj\u00e1n contin\u00faa con su racha ganadora y esta vez se impuso ante Central Ballester en Jos\u00e9 Le\u00f3n Su\u00e1rez.<\/p>\n","protected":false},"author":4,"featured_media":15230,"comment_status":"closed","ping_status":"closed","sticky":false,"template":"","format":"standard","meta":{"tdm_status":"","tdm_grid_status":"","footnotes":""},"categories":[2,8],"tags":[231,173,117,184,130],"class_list":{"0":"post-15806","1":"post","2":"type-post","3":"status-publish","4":"format-standard","5":"has-post-thumbnail","7":"category-featured","8":"category-futbol","9":"tag-central-ballester","10":"tag-futbol","11":"tag-lujan","12":"tag-lujanero","13":"tag-primera-c"},"_links":{"self":[{"href":"https:\/\/diariodelujan.com\/xdeporte\/wp-json\/wp\/v2\/posts\/15806","targetHints":{"allow":["GET"]}}],"collection":[{"href":"https:\/\/diariodelujan.com\/xdeporte\/wp-json\/wp\/v2\/posts"}],"about":[{"href":"https:\/\/diariodelujan.com\/xdeporte\/wp-json\/wp\/v2\/types\/post"}],"author":[{"embeddable":true,"href":"https:\/\/diariodelujan.com\/xdeporte\/wp-json\/wp\/v2\/users\/4"}],"replies":[{"embeddable":true,"href":"https:\/\/diariodelujan.com\/xdeporte\/wp-json\/wp\/v2\/comments?post=15806"}],"version-history":[{"count":0,"href":"https:\/\/diariodelujan.com\/xdeporte\/wp-json\/wp\/v2\/posts\/15806\/revisions"}],"wp:featuredmedia":[{"embeddable":true,"href":"https:\/\/diariodelujan.com\/xdeporte\/wp-json\/wp\/v2\/media\/15230"}],"wp:attachment":[{"href":"https:\/\/diariodelujan.com\/xdeporte\/wp-json\/wp\/v2\/media?parent=15806"}],"wp:term":[{"taxonomy":"category","embeddable":true,"href":"https:\/\/diariodelujan.com\/xdeporte\/wp-json\/wp\/v2\/categories?post=15806"},{"taxonomy":"post_tag","embeddable":true,"href":"https:\/\/diariodelujan.com\/xdeporte\/wp-json\/wp\/v2\/tags?post=15806"}],"curies":[{"name":"wp","href":"https:\/\/api.w.org\/{rel}","templated":true}]}}