{"id":15811,"date":"2025-03-23T08:08:08","date_gmt":"2025-03-23T11:08:08","guid":{"rendered":"https:\/\/diariodelujan.com\/xdeporte\/?p=15811"},"modified":"2025-03-23T08:08:08","modified_gmt":"2025-03-23T11:08:08","slug":"flandria-nueva-derrota","status":"publish","type":"post","link":"https:\/\/diariodelujan.com\/xdeporte\/flandria-nueva-derrota\/","title":{"rendered":"Flandria 0 &#8211; Burzaco 1: una nueva derrota que preocupa"},"content":{"rendered":"<p><span style=\"font-family: georgia, palatino, serif; font-size: 14pt;\"><em>El equipo de Flandria atraviesa un momento cr\u00edtico en la Primera B Metropolitana tras sufrir una nueva derrota, esta vez ante San Mart\u00edn de Burzaco, con la expulsi\u00f3n de Bruno Guelfi.<\/em><\/span><br \/>\n<span style=\"font-family: georgia, palatino, serif; font-size: 14pt;\"><!--more--><\/span><\/p>\n<p>En un encuentro disputado en el Estadio Francisco Boga, el <a href=\"https:\/\/diariodelujan.com\/nuevo-delantero-para-flandria\/\">Canario<\/a> cay\u00f3 por 1-0, un resultado que profundiza su crisis futbol\u00edstica y pone en duda la continuidad del entrenador Santiago Davio.<\/p>\n<h3><span style=\"font-size: 14pt;\">Un partido con altibajos<\/span><\/h3>\n<p>Flandria comenz\u00f3 el partido con \u00edmpetu, buscando imponerse en el mediocampo y generando algunas ocasiones de peligro en los primeros minutos. Sin embargo, la falta de contundencia en la definici\u00f3n volvi\u00f3 a ser un problema recurrente para el equipo de J\u00e1uregui.<\/p>\n<p>San Mart\u00edn de Burzaco, por su parte, aprovech\u00f3 una de sus oportunidades m\u00e1s claras y, antes del descanso, Ariel Slimins marc\u00f3 el \u00fanico gol del partido. Con una defensa ordenada y un mediocampo s\u00f3lido, el equipo local logr\u00f3 neutralizar los intentos de reacci\u00f3n de Flandria.<\/p>\n<p><img loading=\"lazy\" decoding=\"async\" class=\"alignnone size-full wp-image-25496\" src=\"https:\/\/diariodelujan.com\/wp-content\/uploads\/2025\/03\/Flandria-vs-Burzaco.webp\" alt=\"Flandria nueva derrota\" width=\"834\" height=\"584\" title=\"\"><\/p>\n<h3><span style=\"font-size: 14pt;\">Expulsi\u00f3n, falta de reacci\u00f3n y derrota<\/span><\/h3>\n<p>En la segunda mitad, <a href=\"https:\/\/clubflandria.com.ar\/\" target=\"_blank\" rel=\"noopener\">Flandria<\/a> intent\u00f3 reaccionar, pero sus intentos fueron infructuosos. La expulsi\u00f3n de Bruno Guelfi complic\u00f3 a\u00fan m\u00e1s las aspiraciones del Canario, dej\u00e1ndolo en inferioridad num\u00e9rica y sin margen de maniobra.<\/p>\n<p>A pesar de los cambios t\u00e1cticos de Davio, el equipo no logr\u00f3 quebrar la defensa rival y termin\u00f3 acumulando otra derrota que deja muchas dudas sobre su futuro en el torneo.<\/p>\n<h3><span style=\"font-size: 14pt;\">Preocupaci\u00f3n en el entorno del club<\/span><\/h3>\n<p>Con este resultado, Flandria sigue sin poder encontrar regularidad en la competencia, lo que genera incertidumbre entre los hinchas y directivos. La continuidad del entrenador est\u00e1 en riesgo, y se esperan decisiones en los pr\u00f3ximos d\u00edas que podr\u00edan marcar un cambio de rumbo para el equipo.<\/p>\n<p>El Canario deber\u00e1 trabajar intensamente para revertir esta situaci\u00f3n y recuperar el nivel que lo llev\u00f3 a ser un equipo competitivo en la categor\u00eda. Su pr\u00f3ximo encuentro ser\u00e1 clave para determinar si puede salir de esta racha negativa o si su crisis se profundiza a\u00fan m\u00e1s.<\/p>\n","protected":false},"excerpt":{"rendered":"<p>El equipo de Flandria atraviesa un momento cr\u00edtico en la Primera B Metropolitana tras sufrir una nueva derrota, esta vez ante San Mart\u00edn de Burzaco, con la expulsi\u00f3n de Bruno Guelfi.<\/p>\n","protected":false},"author":4,"featured_media":15812,"comment_status":"closed","ping_status":"closed","sticky":false,"template":"","format":"standard","meta":{"tdm_status":"","tdm_grid_status":"","footnotes":""},"categories":[8,2],"tags":[172,173],"class_list":{"0":"post-15811","1":"post","2":"type-post","3":"status-publish","4":"format-standard","5":"has-post-thumbnail","7":"category-futbol","8":"category-featured","9":"tag-flandria","10":"tag-futbol"},"_links":{"self":[{"href":"https:\/\/diariodelujan.com\/xdeporte\/wp-json\/wp\/v2\/posts\/15811","targetHints":{"allow":["GET"]}}],"collection":[{"href":"https:\/\/diariodelujan.com\/xdeporte\/wp-json\/wp\/v2\/posts"}],"about":[{"href":"https:\/\/diariodelujan.com\/xdeporte\/wp-json\/wp\/v2\/types\/post"}],"author":[{"embeddable":true,"href":"https:\/\/diariodelujan.com\/xdeporte\/wp-json\/wp\/v2\/users\/4"}],"replies":[{"embeddable":true,"href":"https:\/\/diariodelujan.com\/xdeporte\/wp-json\/wp\/v2\/comments?post=15811"}],"version-history":[{"count":0,"href":"https:\/\/diariodelujan.com\/xdeporte\/wp-json\/wp\/v2\/posts\/15811\/revisions"}],"wp:featuredmedia":[{"embeddable":true,"href":"https:\/\/diariodelujan.com\/xdeporte\/wp-json\/wp\/v2\/media\/15812"}],"wp:attachment":[{"href":"https:\/\/diariodelujan.com\/xdeporte\/wp-json\/wp\/v2\/media?parent=15811"}],"wp:term":[{"taxonomy":"category","embeddable":true,"href":"https:\/\/diariodelujan.com\/xdeporte\/wp-json\/wp\/v2\/categories?post=15811"},{"taxonomy":"post_tag","embeddable":true,"href":"https:\/\/diariodelujan.com\/xdeporte\/wp-json\/wp\/v2\/tags?post=15811"}],"curies":[{"name":"wp","href":"https:\/\/api.w.org\/{rel}","templated":true}]}}