{"id":15841,"date":"2025-03-29T18:55:04","date_gmt":"2025-03-29T21:55:04","guid":{"rendered":"https:\/\/diariodelujan.com\/xdeporte\/?p=15841"},"modified":"2025-03-29T19:50:23","modified_gmt":"2025-03-29T22:50:23","slug":"flandria-perdio-ante-armenio","status":"publish","type":"post","link":"https:\/\/diariodelujan.com\/xdeporte\/flandria-perdio-ante-armenio\/","title":{"rendered":"Flandria perdi\u00f3 ante Armenio en casa y no levanta cabeza"},"content":{"rendered":"<p class=\"\" data-start=\"73\" data-end=\"165\"><span style=\"font-size: 14pt; font-family: georgia, palatino, serif;\"><em><a href=\"https:\/\/www.facebook.com\/ClubsydFlandria\" target=\"_blank\" rel=\"noopener\">Flandria<\/a> cay\u00f3 en casa ante Deportivo Armenio este s\u00e1bado y preocupa su rendimiento en la Primera B Metropolitana.<\/em><\/span><\/p>\n<p data-start=\"73\" data-end=\"165\"><!--more--><\/p>\n<p class=\"\" data-start=\"174\" data-end=\"568\">Flandria no logra encontrar el rumbo en la Primera B. Tras <a href=\"https:\/\/diariodelujan.com\/xdeporte\/flandria-nueva-derrota\/\" target=\"_blank\" rel=\"noopener\">perder contra San Mart\u00edn<\/a> anteriormente, el equipo de Santiago Davio volvi\u00f3 a mostrar las mismas falencias que lo tienen al borde de la zona roja y cay\u00f3 ante Armenio en el Carlos V.<\/p>\n<h4 data-start=\"570\" data-end=\"604\"><strong data-start=\"574\" data-end=\"602\">Un equipo sin respuestas<\/strong><\/h4>\n<p class=\"\" data-start=\"606\" data-end=\"872\">Con apenas 8 puntos de 27 en juego, el <em>Canario <\/em>llegaba a este encuentro con la necesidad imperiosa de sumar. Sin embargo, desde el arranque se vio a un equipo sin claridad, con poca frescura en la circulaci\u00f3n del bal\u00f3n y dificultades para generar espacios en ataque.<\/p>\n<p class=\"\" data-start=\"874\" data-end=\"1096\">La hinchada, impaciente ante la falta de reacci\u00f3n, comenz\u00f3 a exigirle al plantel a la media hora de juego. Y aunque el equipo intent\u00f3 responder con despliegue f\u00edsico, la falta de ideas lo llev\u00f3 a correr mucho, pero mal.<\/p>\n<p class=\"\" data-start=\"1098\" data-end=\"1357\">A pesar de todo, el local tuvo la oportunidad m\u00e1s clara del primer tiempo en los pies de Joan Juncos. El delantero mendocino encontr\u00f3 una pelota suelta en la puerta del \u00e1rea, pero su remate, apurado por la marca rival, se fue muy por encima del travesa\u00f1o.<\/p>\n<p class=\"\" data-start=\"1359\" data-end=\"1718\">Del otro lado, Deportivo Armenio no domin\u00f3 el juego, pero supo aprovechar sus momentos. Antes del descanso, tuvo su chance m\u00e1s clara con una buena jugada de Maldonado por derecha, que Montero no logr\u00f3 definir a tiempo gracias a un cierre providencial de la defensa local.<\/p>\n<h4 data-start=\"1720\" data-end=\"1775\"><strong data-start=\"1724\" data-end=\"1773\">El golpe letal en el complemento<\/strong><\/h4>\n<p class=\"\" data-start=\"1777\" data-end=\"2011\">En la segunda mitad, Flandria intent\u00f3 dar se\u00f1ales de vida. Se adelant\u00f3 algunos metros, presion\u00f3 mejor y hasta gener\u00f3 una oportunidad concreta cuando Blanco habilit\u00f3 a Ludue\u00f1a, cuyo remate fue bien contenido por el arquero visitante.<\/p>\n<p class=\"\" data-start=\"2013\" data-end=\"2352\">Sin embargo, cuando parec\u00eda que el <em>Canario<\/em> tomaba el control, lleg\u00f3 el golpe que sentenci\u00f3 el partido. A los 25 minutos, en un tiro de esquina, el defensor central de Armenio, Medina, se elev\u00f3 por encima de todos y conect\u00f3 un cabezazo preciso al palo izquierdo de Tom\u00e1s Figueroa, quien solo pudo mirar c\u00f3mo la pelota se met\u00eda en su arco.<\/p>\n<p class=\"\" data-start=\"2354\" data-end=\"2716\">El gol desmoron\u00f3 al due\u00f1o de casa. Desordenado y sin ideas, intent\u00f3 reaccionar con los ingresos de Salega y Jaureguiberry, que le dieron algo m\u00e1s de chispa en ofensiva. Incluso Villalba estuvo cerca del empate con un zurdazo que se estrell\u00f3 en el palo a los 31 minutos, en lo que pudo haber sido un premio exagerado para un equipo que nunca termin\u00f3 de hacer m\u00e9ritos.<\/p>\n<p data-start=\"2354\" data-end=\"2716\">Sin tiempo para m\u00e1s, los de J\u00e1uregui se quedaron con las manos vac\u00edas tras el definitivo 1-0 en contra.<\/p>\n<h4 data-start=\"2718\" data-end=\"2751\"><strong data-start=\"2722\" data-end=\"2749\">Un panorama preocupante<\/strong><\/h4>\n<p class=\"\" data-start=\"2753\" data-end=\"2977\">Con esta derrota, Flandria sigue hundi\u00e9ndose en el fondo de la tabla y ya se encuentra a solo dos puntos de la zona de descenso. La crisis de resultados es evidente, pero tambi\u00e9n lo es la falta de respuestas futbol\u00edsticas.<\/p>\n<p class=\"\" data-start=\"2979\" data-end=\"3208\">Ahora, la gran inc\u00f3gnita pasa por saber si Santiago Davio seguir\u00e1 al frente del equipo. \u00bfPodr\u00e1 revertir este mal momento? \u00bfLa dirigencia apostar\u00e1 por su continuidad o buscar\u00e1 un cambio de rumbo antes de que sea demasiado tarde?<\/p>\n<p class=\"\" data-start=\"3210\" data-end=\"3376\">Lo cierto es que el <em>Canario<\/em> necesita reaccionar con urgencia si no quiere comprometer a\u00fan m\u00e1s su permanencia en la categor\u00eda. El tiempo corre y la paciencia se agota.<\/p>\n","protected":false},"excerpt":{"rendered":"<p>Flandria cay\u00f3 en casa ante Deportivo Armenio este s\u00e1bado y preocupa su rendimiento en la Primera B Metropolitana.<\/p>\n","protected":false},"author":3,"featured_media":15842,"comment_status":"closed","ping_status":"closed","sticky":false,"template":"","format":"standard","meta":{"tdm_status":"","tdm_grid_status":"","footnotes":""},"categories":[2,8],"tags":[171,438,172,173,198],"class_list":{"0":"post-15841","1":"post","2":"type-post","3":"status-publish","4":"format-standard","5":"has-post-thumbnail","7":"category-featured","8":"category-futbol","9":"tag-canario","10":"tag-deportivo-armenio","11":"tag-flandria","12":"tag-futbol","13":"tag-primera-b"},"_links":{"self":[{"href":"https:\/\/diariodelujan.com\/xdeporte\/wp-json\/wp\/v2\/posts\/15841","targetHints":{"allow":["GET"]}}],"collection":[{"href":"https:\/\/diariodelujan.com\/xdeporte\/wp-json\/wp\/v2\/posts"}],"about":[{"href":"https:\/\/diariodelujan.com\/xdeporte\/wp-json\/wp\/v2\/types\/post"}],"author":[{"embeddable":true,"href":"https:\/\/diariodelujan.com\/xdeporte\/wp-json\/wp\/v2\/users\/3"}],"replies":[{"embeddable":true,"href":"https:\/\/diariodelujan.com\/xdeporte\/wp-json\/wp\/v2\/comments?post=15841"}],"version-history":[{"count":4,"href":"https:\/\/diariodelujan.com\/xdeporte\/wp-json\/wp\/v2\/posts\/15841\/revisions"}],"predecessor-version":[{"id":15849,"href":"https:\/\/diariodelujan.com\/xdeporte\/wp-json\/wp\/v2\/posts\/15841\/revisions\/15849"}],"wp:featuredmedia":[{"embeddable":true,"href":"https:\/\/diariodelujan.com\/xdeporte\/wp-json\/wp\/v2\/media\/15842"}],"wp:attachment":[{"href":"https:\/\/diariodelujan.com\/xdeporte\/wp-json\/wp\/v2\/media?parent=15841"}],"wp:term":[{"taxonomy":"category","embeddable":true,"href":"https:\/\/diariodelujan.com\/xdeporte\/wp-json\/wp\/v2\/categories?post=15841"},{"taxonomy":"post_tag","embeddable":true,"href":"https:\/\/diariodelujan.com\/xdeporte\/wp-json\/wp\/v2\/tags?post=15841"}],"curies":[{"name":"wp","href":"https:\/\/api.w.org\/{rel}","templated":true}]}}