{"id":15856,"date":"2025-03-30T10:02:27","date_gmt":"2025-03-30T13:02:27","guid":{"rendered":"https:\/\/diariodelujan.com\/xdeporte\/?p=15856"},"modified":"2025-03-30T10:02:27","modified_gmt":"2025-03-30T13:02:27","slug":"davio-deja-su-cargo-como-dt","status":"publish","type":"post","link":"https:\/\/diariodelujan.com\/xdeporte\/davio-deja-su-cargo-como-dt\/","title":{"rendered":"Crisis en Flandria: Santiago Davio deja su cargo como DT tras una nueva derrota"},"content":{"rendered":"<p><span style=\"font-family: georgia, palatino, serif; font-size: 14pt;\"><em>La dura derrota ante<a href=\"https:\/\/diariodelujan.com\/flandria-cayo-en-casa\/\"> Deportivo Armenio<\/a> por 1 a 0 en el Estadio Carlos V fue la gota que rebals\u00f3 el vaso. Santiago Davio, quien hasta este s\u00e1bado era el DT de Flandria, dej\u00f3 su cargo de com\u00fan acuerdo con la comisi\u00f3n directiva, seg\u00fan inform\u00f3 el propio club a trav\u00e9s de sus redes sociales.<\/em><\/span><\/p>\n<p><!--more--><\/p>\n<p>Con un rendimiento preocupante en el Torneo Apertura de la Primera B Metropolitana, la decisi\u00f3n era un final anunciado.<\/p>\n<h3><strong>Un Torneo con N\u00fameros Rojos<\/strong><\/h3>\n<p>La actualidad de <a href=\"https:\/\/clubflandria.com.ar\/\" target=\"_blank\" rel=\"noopener\">Flandria<\/a> es alarmante. Con apenas dos triunfos, dos empates y cinco derrotas en nueve fechas, el equipo se encuentra a cuatro puntos del \u00faltimo puesto de la tabla y apenas dos unidades por encima de la zona de descenso. Estos n\u00fameros condenaron el ciclo de Davio, quien no logr\u00f3 encontrar el rumbo futbol\u00edstico del Canario.<\/p>\n<p>El encuentro ante Deportivo Armenio fue una muestra clara del mal momento del equipo. Tras una primera mitad sin emociones, un cabezazo de Medina a falta de 20 minutos sell\u00f3 la derrota para Flandria. A pesar de los intentos desesperados con los ingresos de Salega y Jaureguiberry, el equipo no logr\u00f3 revertir el marcador y sum\u00f3 una nueva ca\u00edda.<\/p>\n<p><img loading=\"lazy\" decoding=\"async\" class=\"alignnone size-full wp-image-25843\" src=\"https:\/\/diariodelujan.com\/wp-content\/uploads\/2025\/03\/Davio-DT.webp\" alt=\"Davio deja su cargo como DT \" width=\"650\" height=\"764\" title=\"\"><\/p>\n<h3><strong>Un Ciclo Marcado por la Irregularidad<\/strong><\/h3>\n<p>Davio hab\u00eda asumido la direcci\u00f3n t\u00e9cnica con la expectativa de llevar al equipo a pelear por el ascenso. Con un curr\u00edculum que inclu\u00eda la gesta de subir al Nacional B con Defensores Unidos de Z\u00e1rate, la dirigencia de Flandria confi\u00f3 en su proyecto para reemplazar a Walter D\u00edaz. Sin embargo, los resultados nunca lo respaldaron.<\/p>\n<p>En su primera etapa al frente del Canario, Davio no logr\u00f3 clasificar al Reducido y el equipo qued\u00f3 eliminado en las \u00faltimas fechas del torneo pasado. Esta temporada, con un plantel armado a su medida, tampoco consigui\u00f3 encaminar la situaci\u00f3n: sum\u00f3 apenas 8 puntos de 27 posibles, lo que termin\u00f3 por sentenciar su salida.<\/p>\n<h3><strong>La B\u00fasqueda de un Nuevo DT<\/strong><\/h3>\n<p>Con la salida de Davio, la comisi\u00f3n directiva de Flandria tiene la misi\u00f3n urgente de encontrar un nuevo DT que pueda revertir el presente del equipo. Con el torneo en curso y la amenaza del descenso latente, el pr\u00f3ximo entrenador deber\u00e1 trabajar r\u00e1pidamente para mejorar el rendimiento y sacar a Flandria del fondo de la tabla.<\/p>\n<p>Mientras tanto, el club ya comunic\u00f3 su agradecimiento a Davio y su cuerpo t\u00e9cnico por el trabajo realizado y les dese\u00f3 \u00e9xito en su futuro. El Canario, por su parte, tendr\u00e1 que recomponerse r\u00e1pidamente para afrontar lo que queda del Apertura con la esperanza de cambiar la historia y evitar un desenlace a\u00fan m\u00e1s doloroso.<\/p>\n","protected":false},"excerpt":{"rendered":"<p>La dura derrota ante Deportivo Armenio por 1 a 0 en el Estadio Carlos V fue la gota que rebals\u00f3 el vaso. Santiago Davio, quien hasta este s\u00e1bado era el DT de Flandria, dej\u00f3 su cargo de com\u00fan acuerdo con la comisi\u00f3n directiva, seg\u00fan inform\u00f3 el propio club a trav\u00e9s de sus redes sociales.<\/p>\n","protected":false},"author":4,"featured_media":15857,"comment_status":"closed","ping_status":"closed","sticky":false,"template":"","format":"standard","meta":{"tdm_status":"","tdm_grid_status":"","footnotes":""},"categories":[2,8],"tags":[185,172,301],"class_list":{"0":"post-15856","1":"post","2":"type-post","3":"status-publish","4":"format-standard","5":"has-post-thumbnail","7":"category-featured","8":"category-futbol","9":"tag-dt","10":"tag-flandria","11":"tag-santiago-davio"},"_links":{"self":[{"href":"https:\/\/diariodelujan.com\/xdeporte\/wp-json\/wp\/v2\/posts\/15856","targetHints":{"allow":["GET"]}}],"collection":[{"href":"https:\/\/diariodelujan.com\/xdeporte\/wp-json\/wp\/v2\/posts"}],"about":[{"href":"https:\/\/diariodelujan.com\/xdeporte\/wp-json\/wp\/v2\/types\/post"}],"author":[{"embeddable":true,"href":"https:\/\/diariodelujan.com\/xdeporte\/wp-json\/wp\/v2\/users\/4"}],"replies":[{"embeddable":true,"href":"https:\/\/diariodelujan.com\/xdeporte\/wp-json\/wp\/v2\/comments?post=15856"}],"version-history":[{"count":1,"href":"https:\/\/diariodelujan.com\/xdeporte\/wp-json\/wp\/v2\/posts\/15856\/revisions"}],"predecessor-version":[{"id":15858,"href":"https:\/\/diariodelujan.com\/xdeporte\/wp-json\/wp\/v2\/posts\/15856\/revisions\/15858"}],"wp:featuredmedia":[{"embeddable":true,"href":"https:\/\/diariodelujan.com\/xdeporte\/wp-json\/wp\/v2\/media\/15857"}],"wp:attachment":[{"href":"https:\/\/diariodelujan.com\/xdeporte\/wp-json\/wp\/v2\/media?parent=15856"}],"wp:term":[{"taxonomy":"category","embeddable":true,"href":"https:\/\/diariodelujan.com\/xdeporte\/wp-json\/wp\/v2\/categories?post=15856"},{"taxonomy":"post_tag","embeddable":true,"href":"https:\/\/diariodelujan.com\/xdeporte\/wp-json\/wp\/v2\/tags?post=15856"}],"curies":[{"name":"wp","href":"https:\/\/api.w.org\/{rel}","templated":true}]}}