{"id":15869,"date":"2025-03-31T17:33:29","date_gmt":"2025-03-31T20:33:29","guid":{"rendered":"https:\/\/diariodelujan.com\/xdeporte\/?p=15869"},"modified":"2025-03-31T17:40:48","modified_gmt":"2025-03-31T20:40:48","slug":"m25-de-tenis-en-lujan","status":"publish","type":"post","link":"https:\/\/diariodelujan.com\/xdeporte\/m25-de-tenis-en-lujan\/","title":{"rendered":"Tenis: Lautaro Mid\u00f3n se qued\u00f3 con el M25 en Luj\u00e1n"},"content":{"rendered":"<p><span style=\"font-size: 14pt; font-family: georgia, palatino, serif;\"><em>M\u00e1s de 150 jugadores, participaron del Torneo Internacional M25 que se disput\u00f3 la semana pasada en las canchas de polvo de ladrillo del Luj\u00e1n Tenis Club, donde el correntino Lautaro Mid\u00f3n se consagr\u00f3 ganador.<\/em><\/span><\/p>\n<p><!--more--><\/p>\n<p>El torneo reparti\u00f3 u$s 25.000 en premios y sum\u00f3 puntos para el ranking ATP, convocando a los mejores tenistas de Argentina y de pa\u00edses como Chile, Paraguay, Uruguay, Brasil, Per\u00fa, Colombia, M\u00e9xico, Estados Unidos, Francia, Italia e Israel.<\/p>\n<h3><span style=\"font-size: 14pt;\"><strong>Tenis internacional en Luj\u00e1n<\/strong><\/span><\/h3>\n<p>Este domingo se disput\u00f3 la final del M25, donde el duelo entre compatriotas qued\u00f3 en manos de Lautaro Mid\u00f3n, quien super\u00f3 a Mariano Kestelboim con parciales de 6-3 y 6-1. El encuentro decisivo fue transmitido en vivo por <a href=\"https:\/\/play.tycsports.com\/\" target=\"_blank\" rel=\"noopener\">TyC Sports Play<\/a>.<\/p>\n<p>El correntino Mid\u00f3n conquist\u00f3 su sexto t\u00edtulo profesional y el segundo de la temporada, tras coronarse en el M25 de Yerba Buena. Adem\u00e1s, se mantiene como l\u00edder absoluto de la Beca Galperin al M\u00e9rito, un programa de apoyo que destinar\u00e1 u$s60 mil y u$s40 mil a los dos jugadores argentinos de entre 16 y 21 a\u00f1os que m\u00e1s puntos sumen en torneos profesionales disputados en el pa\u00eds. El reciente campe\u00f3n cuenta con 59 puntos, mientras que Juan Manuel La Serna lo sigue con 21.<\/p>\n<p>El camino del albiceleste incluy\u00f3 superar en el debut al estadounidense Sekou Bangoura, en la segunda fase al uruguayo Joaqu\u00edn Aguilar Cardozo, en octavos de final al brasile\u00f1o Gustavo Ribeiro de Almeida, y en semifinales a otro jugador uruguayo, Franco Roncadelli, y al argentino Kestelboim en la final.<\/p>\n<figure id=\"attachment_25907\" aria-describedby=\"caption-attachment-25907\" style=\"width: 900px\" class=\"wp-caption alignnone\"><img loading=\"lazy\" decoding=\"async\" class=\"wp-image-25907 size-full\" title=\"Tenis internacional en Luj\u00e1n\" src=\"https:\/\/diariodelujan.com\/wp-content\/uploads\/2025\/03\/tenis-M25-en-el-LTC.webp\" alt=\"Tenis M25 en el LTC\" width=\"900\" height=\"598\" \/><figcaption id=\"caption-attachment-25907\" class=\"wp-caption-text\">Los argentinos Lautaro Mid\u00f3n y Mariano Kestelboim posando con los trofeos en la ceremonia del M25 de Luj\u00e1n<\/figcaption><\/figure>\n<p>Durante el desarrollo del torneo estuvieron presentes en la ceremonia de premiaci\u00f3n fueron <b>C\u00e9sar<\/b> <b>Francis<\/b>, Secretario Administrativo de la AAT; <b>Eduardo<\/b> <b>Palasciano<\/b>, Director del \u00e1rea de Profesionales AAT; <b>Mat\u00edas<\/b> <b>Silvano<\/b>, Director del torneo; <b>Oscar<\/b> <b>Garralda<\/b>, Presidente del<a href=\"https:\/\/diariodelujan.com\/xdeporte\/academia-de-lujan-tenis-club\/\"> Luj\u00e1n Tenis Club<\/a>; y <b>Federico<\/b> <b>Goulan<\/b>, Secretario del club.<\/p>\n<p>La competencia es parte de la World Tennis Tour de la Federaci\u00f3n Internacional de Tenis y es organizado por la Asociaci\u00f3n del Tenis Argentino y el Luj\u00e1n Tenis Club, con el apoyo del Municipio de Luj\u00e1n.<\/p>\n","protected":false},"excerpt":{"rendered":"<p>M\u00e1s de 150 jugadores, participaron del Torneo Internacional M25 que se disput\u00f3 la semana pasada en las canchas de polvo de ladrillo del Luj\u00e1n Tenis Club, donde el correntino Lautaro Mid\u00f3n se consagr\u00f3 ganador.<\/p>\n","protected":false},"author":4,"featured_media":15871,"comment_status":"closed","ping_status":"closed","sticky":false,"template":"","format":"standard","meta":{"tdm_status":"","tdm_grid_status":"","footnotes":""},"categories":[11,2],"tags":[117,106,440],"class_list":{"0":"post-15869","1":"post","2":"type-post","3":"status-publish","4":"format-standard","5":"has-post-thumbnail","7":"category-tenis","8":"category-featured","9":"tag-lujan","10":"tag-tenis","11":"tag-torneo-m25"},"_links":{"self":[{"href":"https:\/\/diariodelujan.com\/xdeporte\/wp-json\/wp\/v2\/posts\/15869","targetHints":{"allow":["GET"]}}],"collection":[{"href":"https:\/\/diariodelujan.com\/xdeporte\/wp-json\/wp\/v2\/posts"}],"about":[{"href":"https:\/\/diariodelujan.com\/xdeporte\/wp-json\/wp\/v2\/types\/post"}],"author":[{"embeddable":true,"href":"https:\/\/diariodelujan.com\/xdeporte\/wp-json\/wp\/v2\/users\/4"}],"replies":[{"embeddable":true,"href":"https:\/\/diariodelujan.com\/xdeporte\/wp-json\/wp\/v2\/comments?post=15869"}],"version-history":[{"count":7,"href":"https:\/\/diariodelujan.com\/xdeporte\/wp-json\/wp\/v2\/posts\/15869\/revisions"}],"predecessor-version":[{"id":15877,"href":"https:\/\/diariodelujan.com\/xdeporte\/wp-json\/wp\/v2\/posts\/15869\/revisions\/15877"}],"wp:featuredmedia":[{"embeddable":true,"href":"https:\/\/diariodelujan.com\/xdeporte\/wp-json\/wp\/v2\/media\/15871"}],"wp:attachment":[{"href":"https:\/\/diariodelujan.com\/xdeporte\/wp-json\/wp\/v2\/media?parent=15869"}],"wp:term":[{"taxonomy":"category","embeddable":true,"href":"https:\/\/diariodelujan.com\/xdeporte\/wp-json\/wp\/v2\/categories?post=15869"},{"taxonomy":"post_tag","embeddable":true,"href":"https:\/\/diariodelujan.com\/xdeporte\/wp-json\/wp\/v2\/tags?post=15869"}],"curies":[{"name":"wp","href":"https:\/\/api.w.org\/{rel}","templated":true}]}}