{"id":15887,"date":"2025-04-04T11:57:36","date_gmt":"2025-04-04T14:57:36","guid":{"rendered":"https:\/\/diariodelujan.com\/xdeporte\/?p=15887"},"modified":"2025-04-05T01:33:12","modified_gmt":"2025-04-05T04:33:12","slug":"flandria-visita-a-comunicaciones-2","status":"publish","type":"post","link":"https:\/\/diariodelujan.com\/xdeporte\/flandria-visita-a-comunicaciones-2\/","title":{"rendered":"Flandria busca dar el golpe ante Comunicaciones en Agronom\u00eda"},"content":{"rendered":"<p class=\"\" data-start=\"66\" data-end=\"404\"><span style=\"font-size: 14pt; font-family: georgia, palatino, serif;\"><em>Este viernes, el estadio Alfredo Ramos ser\u00e1 el escenario de un nuevo compromiso de <a href=\"https:\/\/www.facebook.com\/ClubsydFlandria\" target=\"_blank\" rel=\"noopener\">Flandria<\/a>. En el marco de esta jornada, el Canario se enfrenta al Cartero, en Agronom\u00eda.<\/em><\/span><\/p>\n<p data-start=\"66\" data-end=\"404\"><!--more--><\/p>\n<h4 data-start=\"411\" data-end=\"453\"><strong>El local quiere hacerse fuerte en casa<\/strong><\/h4>\n<p class=\"\" data-start=\"455\" data-end=\"873\">Comunicaciones llega a este partido con la hilar un segundo triunfo. El conjunto dirigido por Federico Barrionuevo ha mostrado altibajos en el torneo y sabe que no puede dejar m\u00e1s puntos en el camino si quiere meterse en la pelea por el reducido.<\/p>\n<h4 data-start=\"1412\" data-end=\"1448\"><strong>Flandria busca sorprender<\/strong><\/h4>\n<p class=\"\" data-start=\"1450\" data-end=\"1782\">Por su parte, los de J\u00e1uregui llegan a este encuentro con la premisa de dejar atr\u00e1s la doble derrota (<a href=\"https:\/\/diariodelujan.com\/xdeporte\/flandria-perdio-ante-armenio\/\" target=\"_blank\" rel=\"noopener\">contra Deportivo Armenio<\/a> y San Mart\u00edn de Burzaco)en las \u00faltimas fechas y volver a sumar de a tres. El <em>Canario<\/em> ha tenido un arranque irregular y no ha podido consolidarse en el torneo.<\/p>\n<p class=\"\" data-start=\"1784\" data-end=\"2081\">Con las <a href=\"https:\/\/diariodelujan.com\/xdeporte\/davio-deja-su-cargo-como-dt\/\" target=\"_blank\" rel=\"noopener\">salida de Santiago Davio<\/a> y la llegada de Dami\u00e1n Marchio para tomar el cargo de DT, Flandria busca dar el batacazo en su visita a Agronom\u00eda, traerse los tres puntos a casa y comenzar a escalar puestos en el Apertura.<\/p>\n<h4 data-start=\"2373\" data-end=\"2416\"><strong>Historial entre ambos<\/strong><\/h4>\n<p class=\"\" data-start=\"2418\" data-end=\"2785\">Si bien el historial entre Comunicaciones y Flandria muestra una paridad marcada cuando el <em>Canario <\/em>juega en casa, lo mismo no se puede decir cuando el <em>Cartero<\/em> es local. En esos casos, <em>Comu<\/em> mantiene un peque\u00f1o margen de ventaja sobre su rival.<\/p>\n<p class=\"\" data-start=\"2418\" data-end=\"2785\">La \u00faltima vez que se vieron las caras fue en septiembre del a\u00f1o pasado. En aquella ocasi\u00f3n, los de J\u00e1uregui lograron traerse un punto a casa, luego de quitarle el triunfo a Comunicaciones en el \u00faltimo minuto.<\/p>\n<p class=\"\" data-start=\"3515\" data-end=\"3679\">En este nuevo cruce est\u00e1 programado para este viernes a las 20 hs. y ser\u00e1 arbitrado por Ignacio Cuicchi.<\/p>\n","protected":false},"excerpt":{"rendered":"<p>Este viernes, el estadio Alfredo Ramos ser\u00e1 el escenario de un nuevo compromiso de Flandria. En el marco de esta jornada, el Canario se enfrenta al Cartero, en Agronom\u00eda.<\/p>\n","protected":false},"author":3,"featured_media":15888,"comment_status":"closed","ping_status":"closed","sticky":false,"template":"","format":"standard","meta":{"tdm_status":"","tdm_grid_status":"","footnotes":""},"categories":[8],"tags":[171,230,172,173,198],"class_list":{"0":"post-15887","1":"post","2":"type-post","3":"status-publish","4":"format-standard","5":"has-post-thumbnail","7":"category-futbol","8":"tag-canario","9":"tag-comunicaciones","10":"tag-flandria","11":"tag-futbol","12":"tag-primera-b"},"_links":{"self":[{"href":"https:\/\/diariodelujan.com\/xdeporte\/wp-json\/wp\/v2\/posts\/15887","targetHints":{"allow":["GET"]}}],"collection":[{"href":"https:\/\/diariodelujan.com\/xdeporte\/wp-json\/wp\/v2\/posts"}],"about":[{"href":"https:\/\/diariodelujan.com\/xdeporte\/wp-json\/wp\/v2\/types\/post"}],"author":[{"embeddable":true,"href":"https:\/\/diariodelujan.com\/xdeporte\/wp-json\/wp\/v2\/users\/3"}],"replies":[{"embeddable":true,"href":"https:\/\/diariodelujan.com\/xdeporte\/wp-json\/wp\/v2\/comments?post=15887"}],"version-history":[{"count":1,"href":"https:\/\/diariodelujan.com\/xdeporte\/wp-json\/wp\/v2\/posts\/15887\/revisions"}],"predecessor-version":[{"id":15889,"href":"https:\/\/diariodelujan.com\/xdeporte\/wp-json\/wp\/v2\/posts\/15887\/revisions\/15889"}],"wp:featuredmedia":[{"embeddable":true,"href":"https:\/\/diariodelujan.com\/xdeporte\/wp-json\/wp\/v2\/media\/15888"}],"wp:attachment":[{"href":"https:\/\/diariodelujan.com\/xdeporte\/wp-json\/wp\/v2\/media?parent=15887"}],"wp:term":[{"taxonomy":"category","embeddable":true,"href":"https:\/\/diariodelujan.com\/xdeporte\/wp-json\/wp\/v2\/categories?post=15887"},{"taxonomy":"post_tag","embeddable":true,"href":"https:\/\/diariodelujan.com\/xdeporte\/wp-json\/wp\/v2\/tags?post=15887"}],"curies":[{"name":"wp","href":"https:\/\/api.w.org\/{rel}","templated":true}]}}