{"id":15893,"date":"2025-04-05T01:32:40","date_gmt":"2025-04-05T04:32:40","guid":{"rendered":"https:\/\/diariodelujan.com\/xdeporte\/?p=15893"},"modified":"2025-04-05T01:32:40","modified_gmt":"2025-04-05T04:32:40","slug":"flandria-empato-en-agronomia","status":"publish","type":"post","link":"https:\/\/diariodelujan.com\/xdeporte\/flandria-empato-en-agronomia\/","title":{"rendered":"Flandria Empat\u00f3 en Agronom\u00eda y Busca un Nuevo Rumbo"},"content":{"rendered":"<p><span style=\"font-family: georgia, palatino, serif; font-size: 14pt;\"><em>En una noche que promet\u00eda emoci\u00f3n, Flandria enfrent\u00f3 a Comunicaciones por la 10\u00b0 fecha del Torneo Apertura de la Primera B Metro, resultando en un empate 0-0 que deja al equipo canario con m\u00e1s interrogantes que certezas.<\/em><\/span><\/p>\n<p><!--more--><\/p>\n<p>Dami\u00e1n Marchio, quien asumi\u00f3 como entrenador interino tras la salida de Santiago Davio, intent\u00f3 encontrar la f\u00f3rmula para revertir la mala racha que ha arrastrado al equipo en las \u00faltimas semanas.<\/p>\n<h3><strong><span style=\"font-size: 14pt;\">El partido de Flandria ante el cartero<\/span><\/strong><\/h3>\n<p>Desde el inicio, <a href=\"https:\/\/diariodelujan.com\/flandria-visita-a-comunicaciones-2\/\">Flandria<\/a> mostr\u00f3 voluntad y determinaci\u00f3n. Marchio realiz\u00f3 varias modificaciones en el alineamiento titular, incluyendo el regreso de jugadores clave como Bautista Gonz\u00e1lez, Orensans y Alejandro Gonz\u00e1lez. Sin embargo, el primer tiempo transcurri\u00f3 sin grandes emociones, con Comunicaciones mostrando un leve dominio pero sin concretar las oportunidades en goles. La jugada m\u00e1s clara fue para el conjunto de J\u00e1uregui, que a pesar de una s\u00f3lida actuaci\u00f3n defensiva de Flandria y de su arquero Tom\u00e1s Figueroa, no logr\u00f3 abrir el marcador.<\/p>\n<p>El segundo tiempo trajo consigo una mayor presi\u00f3n por parte de <a href=\"https:\/\/www.clubcomunicaciones.com.ar\/\" target=\"_blank\" rel=\"noopener\">Comunicaciones<\/a>, pero el Canario se mantuvo firme en defensa y busc\u00f3 capitalizar los contragolpes. Las sustituciones de Franco Bustamante y Mariano Sagristani aportaron frescura al ataque, generando algunas oportunidades que pudieron cambiar el rumbo del partido. Sin embargo, la falta de contundencia y la buena actuaci\u00f3n del arquero rival, Insaurralde, impidieron que Flandria se llevara los tres puntos.<\/p>\n<p><a href=\"https:\/\/diariodelujan.com\/wp-content\/uploads\/2025\/04\/flandria-comu.jpg\"><img loading=\"lazy\" decoding=\"async\" class=\"alignnone size-full wp-image-26100\" src=\"https:\/\/diariodelujan.com\/wp-content\/uploads\/2025\/04\/flandria-comu.jpg\" alt=\"Flandria Empat\u00f3 en Agronom\u00eda\" width=\"900\" height=\"473\" title=\"\"><\/a><\/p>\n<p>A pesar del empate, la atenci\u00f3n ahora se centra en el futuro del club. La dirigencia de Flandria tiene en mente a Arnaldo &#8220;Cacho&#8221; Sialle como el nuevo entrenador, un t\u00e9cnico con experiencia en el f\u00fatbol de ascenso que podr\u00eda aportar la estabilidad y el liderazgo que el equipo necesita. Se espera que su presentaci\u00f3n oficial se realice el lunes, lo que podr\u00eda traer un nuevo aire a un plantel que ha luchado por encontrar su camino en el torneo.<\/p>\n<p>&nbsp;<\/p>\n<p>Con este empate, Flandria se mantiene en una situaci\u00f3n complicada en la tabla, y la llegada de un nuevo director t\u00e9cnico ser\u00e1 crucial para encarar los pr\u00f3ximos desaf\u00edos y revertir la tendencia negativa. Los aficionados esperan con ansias un cambio que revitalice al equipo y lo lleve a alcanzar los objetivos que se hab\u00edan planteado al inicio de la temporada.<\/p>\n<p>Seg\u00fan se pudo escuchar en las \u00faltimas horas, Arnaldo \u201cCacho\u201d Sialle ser\u00eda el elegido para reemplazar a Santiago Davio y solo falta la firma.<\/p>\n<p>Arnaldo Sialle tiene la particularidad de ser el t\u00e9cnico que m\u00e1s ascensos obtuvo del Torneo Federal A (antes llamado Torneo Argentino A) a la Primera Nacional. En total fueron cuatro, siendo entrenador de Independiente Rivadavia de Mendoza en 2006-2007, Guillermo Brown de Puerto Madryn en 2010-2011, Talleres de C\u00f3rdoba en 2012-2013 y Club Atl\u00e9tico Mitre de Santiago del Estero en 2016-2017.<\/p>\n<p><a href=\"https:\/\/diariodelujan.com\/wp-content\/uploads\/2025\/04\/Cacho-Sialle.jpg\"><img loading=\"lazy\" decoding=\"async\" class=\"alignnone wp-image-26101 size-full\" src=\"https:\/\/diariodelujan.com\/wp-content\/uploads\/2025\/04\/Cacho-Sialle.jpg\" alt=\"Arnaldo \u201cCacho\u201d Sialle ser\u00eda el nuevo DT de Flandria\" width=\"816\" height=\"549\" title=\"\"><\/a><\/p>\n<p>Adem\u00e1s, este rosarino de 59 a\u00f1os dirigi\u00f3 desde 2004 hasta la fecha a San Mart\u00edn de Mendoza, Uni\u00f3n de Sunchales, Guaran\u00ed de Paraguay, San Mart\u00edn de Tucum\u00e1n, Cipolletti de R\u00edo Negro, Atlanta, Deportivo Mor\u00f3n, Gimnasia y Esgrima de Jujuy, Gimnasia y Tiro de Salta, Olimpo de Bah\u00eda Blanca, Comunicaciones y por \u00faltimo Guillermo Brown de Puerto Madryn.<\/p>\n","protected":false},"excerpt":{"rendered":"<p>En una noche que promet\u00eda emoci\u00f3n, Flandria enfrent\u00f3 a Comunicaciones por la 10\u00b0 fecha del Torneo Apertura de la Primera B Metro, resultando en un empate 0-0 que deja al equipo canario con m\u00e1s interrogantes que certezas.<\/p>\n","protected":false},"author":4,"featured_media":15894,"comment_status":"closed","ping_status":"closed","sticky":false,"template":"","format":"standard","meta":{"tdm_status":"","tdm_grid_status":"","footnotes":""},"categories":[2,8],"tags":[441,172,173],"class_list":{"0":"post-15893","1":"post","2":"type-post","3":"status-publish","4":"format-standard","5":"has-post-thumbnail","7":"category-featured","8":"category-futbol","9":"tag-agronomia","10":"tag-flandria","11":"tag-futbol"},"_links":{"self":[{"href":"https:\/\/diariodelujan.com\/xdeporte\/wp-json\/wp\/v2\/posts\/15893","targetHints":{"allow":["GET"]}}],"collection":[{"href":"https:\/\/diariodelujan.com\/xdeporte\/wp-json\/wp\/v2\/posts"}],"about":[{"href":"https:\/\/diariodelujan.com\/xdeporte\/wp-json\/wp\/v2\/types\/post"}],"author":[{"embeddable":true,"href":"https:\/\/diariodelujan.com\/xdeporte\/wp-json\/wp\/v2\/users\/4"}],"replies":[{"embeddable":true,"href":"https:\/\/diariodelujan.com\/xdeporte\/wp-json\/wp\/v2\/comments?post=15893"}],"version-history":[{"count":2,"href":"https:\/\/diariodelujan.com\/xdeporte\/wp-json\/wp\/v2\/posts\/15893\/revisions"}],"predecessor-version":[{"id":15896,"href":"https:\/\/diariodelujan.com\/xdeporte\/wp-json\/wp\/v2\/posts\/15893\/revisions\/15896"}],"wp:featuredmedia":[{"embeddable":true,"href":"https:\/\/diariodelujan.com\/xdeporte\/wp-json\/wp\/v2\/media\/15894"}],"wp:attachment":[{"href":"https:\/\/diariodelujan.com\/xdeporte\/wp-json\/wp\/v2\/media?parent=15893"}],"wp:term":[{"taxonomy":"category","embeddable":true,"href":"https:\/\/diariodelujan.com\/xdeporte\/wp-json\/wp\/v2\/categories?post=15893"},{"taxonomy":"post_tag","embeddable":true,"href":"https:\/\/diariodelujan.com\/xdeporte\/wp-json\/wp\/v2\/tags?post=15893"}],"curies":[{"name":"wp","href":"https:\/\/api.w.org\/{rel}","templated":true}]}}