{"id":15916,"date":"2025-04-06T19:54:01","date_gmt":"2025-04-06T22:54:01","guid":{"rendered":"https:\/\/diariodelujan.com\/xdeporte\/?p=15916"},"modified":"2025-04-06T19:54:01","modified_gmt":"2025-04-06T22:54:01","slug":"flandria-apuesta-con-cacho-sialle","status":"publish","type":"post","link":"https:\/\/diariodelujan.com\/xdeporte\/flandria-apuesta-con-cacho-sialle\/","title":{"rendered":"Flandria apuesta con \u201cCacho\u201d Sialle como su nuevo DT"},"content":{"rendered":"<p class=\"\" data-start=\"108\" data-end=\"366\"><span style=\"font-size: 14pt; font-family: georgia, palatino, serif;\"><em><a href=\"https:\/\/www.facebook.com\/ClubsydFlandria\" target=\"_blank\" rel=\"noopener\">Flandria<\/a> arrancar\u00e1 los entrenamientos esta semana con Arnaldo Sialle como su nuevo entrenador tras la salida de Santiago Davio. Con una trayectoria cargada de logros en el ascenso, el rosarino asumir\u00e1 el cargo en el Carlos V con la misi\u00f3n de revertir la campa\u00f1a.<\/em><\/span><\/p>\n<p data-start=\"108\" data-end=\"366\"><!--more--><\/p>\n<p data-start=\"108\" data-end=\"366\">Tras la salida de Santiago Davio y el breve interinato de Dami\u00e1n Marchio, Flandria apostar\u00e1 por <strong data-start=\"584\" data-end=\"610\">Arnaldo \u201cCacho\u201d Sialle<\/strong> como nuevo director t\u00e9cnico del plantel profesional.<\/p>\n<h4 data-start=\"373\" data-end=\"786\"><strong data-start=\"373\" data-end=\"478\">Flandria busca reencontrarse con el protagonismo en la Primera B<\/strong><\/h4>\n<p class=\"\" data-start=\"373\" data-end=\"786\">El experimentado entrenador ser\u00eda presentado oficialmente este lunes y dirigir\u00e1 su primera pr\u00e1ctica en el Carlos V.<\/p>\n<p class=\"\" data-start=\"788\" data-end=\"1134\">La decisi\u00f3n de Flandria apunta a dar un giro firme y decidido en lo futbol\u00edstico, apostando por un nombre con peso propio en los torneos de ascenso. Y no es para menos: Sialle es el <strong data-start=\"985\" data-end=\"1064\">entrenador con m\u00e1s ascensos desde el Torneo Federal A a la Primera Nacional<\/strong>, una categor\u00eda que el <em>Canario<\/em> aspira a recuperar en el mediano plazo.<\/p>\n<h4 data-start=\"1141\" data-end=\"1178\"><strong>Una trayectoria plagada de logros<\/strong><\/h4>\n<p class=\"\" data-start=\"1180\" data-end=\"1597\">A sus 59 a\u00f1os, Sialle trae consigo una vasta y respetada carrera en los banquillos del f\u00fatbol argentino. Nacido en Rosario, logr\u00f3 ascender en <strong data-start=\"1322\" data-end=\"1342\">cuatro ocasiones<\/strong> desde el Federal A, un r\u00e9cord envidiable que incluye a <strong data-start=\"1398\" data-end=\"1448\">Independiente Rivadavia de Mendoza (2006-2007)<\/strong>, <strong data-start=\"1450\" data-end=\"1498\">Guillermo Brown de Puerto Madryn (2010-2011)<\/strong>, <strong data-start=\"1500\" data-end=\"1535\">Talleres de C\u00f3rdoba (2012-2013)<\/strong> y <strong data-start=\"1538\" data-end=\"1596\">Club Atl\u00e9tico Mitre de Santiago del Estero (2016-2017)<\/strong>.<\/p>\n<p class=\"\" data-start=\"1599\" data-end=\"2053\">Adem\u00e1s de esos hitos, el futuro t\u00e9cnico de Flandria cuenta con pasos por una larga lista de instituciones del ascenso, tanto en el pa\u00eds como en el exterior. Dirigi\u00f3 a <strong data-start=\"1768\" data-end=\"1956\">San Mart\u00edn de Mendoza, Uni\u00f3n de Sunchales, Guaran\u00ed de Paraguay, San Mart\u00edn de Tucum\u00e1n, Cipolletti, Atlanta, Deportivo Mor\u00f3n, Gimnasia de Jujuy, Gimnasia y Tiro, Olimpo y Comunicaciones<\/strong>, adem\u00e1s de un segundo ciclo en Guillermo Brown, su \u00faltimo club antes de desembarcar en J\u00e1uregui.<\/p>\n<h4 data-start=\"2060\" data-end=\"2091\"><strong>Un t\u00e9cnico con sello propio<\/strong><\/h4>\n<p class=\"\" data-start=\"2093\" data-end=\"2590\">El perfil de Sialle se ajusta a lo que Flandria necesita: <strong data-start=\"2151\" data-end=\"2240\">un conductor con experiencia, liderazgo y conocimiento profundo del f\u00fatbol de ascenso<\/strong>. Su estilo de juego, generalmente equilibrado pero con ambici\u00f3n ofensiva, ha sabido adaptarse a las distintas realidades de los clubes que dirigi\u00f3. Conocido por su car\u00e1cter frontal y su capacidad para armar equipos s\u00f3lidos desde la defensa, el nuevo DT tendr\u00e1 como primer desaf\u00edo imprimirle identidad a un plantel golpeado por los flojos resultados.<\/p>\n<p class=\"\" data-start=\"2592\" data-end=\"2953\">Cabe recordar que <a href=\"https:\/\/diariodelujan.com\/xdeporte\/flandria-empato-en-agronomia\/\" target=\"_blank\" rel=\"noopener\">los de J\u00e1uregui vienen de igualar sin goles ante Comunicaciones<\/a>, como visitante, en el duelo correspondiente a la 10\u00b0 fecha del torneo Apertura de la Primera B Metropolitana. En ese partido, el equipo fue dirigido interinamente por Dami\u00e1n Marchio, entrenador de la Reserva, luego de la salida de Davio tras una campa\u00f1a irregular (2 triunfos, 3 empates y 3 derrotas).<\/p>\n<h4 data-start=\"2960\" data-end=\"2992\"><strong>Flandria, en busca del rumbo<\/strong><\/h4>\n<p class=\"\" data-start=\"2994\" data-end=\"3350\">El presente del Canario en la Primera B es complejo. A pesar del respaldo institucional y el compromiso de su gente, el equipo no logra despegar y muestra rendimientos irregulares. La llegada de Sialle representa una apuesta a largo plazo, con la esperanza de que su experiencia se traduzca en una levantada futbol\u00edstica que devuelva la ilusi\u00f3n a J\u00e1uregui.<\/p>\n<p class=\"\" data-start=\"3352\" data-end=\"3671\">El plantel volver\u00e1 a los entrenamientos este lunes, ya bajo las \u00f3rdenes del nuevo cuerpo t\u00e9cnico. La dirigencia conf\u00eda en que <em>Cacho<\/em> podr\u00e1 consolidar una base competitiva y poner a Flandria en la pelea, no s\u00f3lo en lo que resta del Apertura, sino tambi\u00e9n pensando en la continuidad del campeonato y en el armado futuro.<\/p>\n","protected":false},"excerpt":{"rendered":"<p>Flandria arrancar\u00e1 los entrenamientos esta semana con Arnaldo Sialle como su nuevo entrenador tras la salida de Santiago Davio. Con una trayectoria cargada de logros en el ascenso, el rosarino asumir\u00e1 el cargo en el Carlos V con la misi\u00f3n de revertir la campa\u00f1a.<\/p>\n","protected":false},"author":3,"featured_media":15917,"comment_status":"closed","ping_status":"closed","sticky":false,"template":"","format":"standard","meta":{"tdm_status":"","tdm_grid_status":"","footnotes":""},"categories":[2,8],"tags":[171,172,173,445,198],"class_list":{"0":"post-15916","1":"post","2":"type-post","3":"status-publish","4":"format-standard","5":"has-post-thumbnail","7":"category-featured","8":"category-futbol","9":"tag-canario","10":"tag-flandria","11":"tag-futbol","12":"tag-nuevo-dt","13":"tag-primera-b"},"_links":{"self":[{"href":"https:\/\/diariodelujan.com\/xdeporte\/wp-json\/wp\/v2\/posts\/15916","targetHints":{"allow":["GET"]}}],"collection":[{"href":"https:\/\/diariodelujan.com\/xdeporte\/wp-json\/wp\/v2\/posts"}],"about":[{"href":"https:\/\/diariodelujan.com\/xdeporte\/wp-json\/wp\/v2\/types\/post"}],"author":[{"embeddable":true,"href":"https:\/\/diariodelujan.com\/xdeporte\/wp-json\/wp\/v2\/users\/3"}],"replies":[{"embeddable":true,"href":"https:\/\/diariodelujan.com\/xdeporte\/wp-json\/wp\/v2\/comments?post=15916"}],"version-history":[{"count":1,"href":"https:\/\/diariodelujan.com\/xdeporte\/wp-json\/wp\/v2\/posts\/15916\/revisions"}],"predecessor-version":[{"id":15918,"href":"https:\/\/diariodelujan.com\/xdeporte\/wp-json\/wp\/v2\/posts\/15916\/revisions\/15918"}],"wp:featuredmedia":[{"embeddable":true,"href":"https:\/\/diariodelujan.com\/xdeporte\/wp-json\/wp\/v2\/media\/15917"}],"wp:attachment":[{"href":"https:\/\/diariodelujan.com\/xdeporte\/wp-json\/wp\/v2\/media?parent=15916"}],"wp:term":[{"taxonomy":"category","embeddable":true,"href":"https:\/\/diariodelujan.com\/xdeporte\/wp-json\/wp\/v2\/categories?post=15916"},{"taxonomy":"post_tag","embeddable":true,"href":"https:\/\/diariodelujan.com\/xdeporte\/wp-json\/wp\/v2\/tags?post=15916"}],"curies":[{"name":"wp","href":"https:\/\/api.w.org\/{rel}","templated":true}]}}