{"id":15938,"date":"2025-04-12T19:20:58","date_gmt":"2025-04-12T22:20:58","guid":{"rendered":"https:\/\/diariodelujan.com\/xdeporte\/?p=15938"},"modified":"2025-04-12T19:20:58","modified_gmt":"2025-04-12T22:20:58","slug":"con-nuevo-dt-flandria-gano","status":"publish","type":"post","link":"https:\/\/diariodelujan.com\/xdeporte\/con-nuevo-dt-flandria-gano\/","title":{"rendered":"En el estreno de su DT, Flandria gan\u00f3 con autoridad"},"content":{"rendered":"<p><span style=\"font-size: 14pt; font-family: georgia, palatino, serif;\"><em>En una tarde cargada de expectativa, <a href=\"https:\/\/www.facebook.com\/ClubsydFlandria\" target=\"_blank\" rel=\"noopener\">Flandria<\/a> dio un paso firme hacia la recuperaci\u00f3n futbol\u00edstica al vencer a Liniers este s\u00e1bado en el Carlos V.<\/em> <\/span><\/p>\n<p><!--more--><\/p>\n<p>Por la 11\u00b0 fecha del Torneo Apertura de la Primera B. Flandria super\u00f3 a la visita en lo que fue el debut oficial de Arnaldo <em>Cacho<\/em> Sialle como nuevo director t\u00e9cnico del <em>Canario.<\/em><\/p>\n<h4><strong>Nuevo DT, nueva actitud<\/strong><\/h4>\n<p>La llegada de <em>Cacho<\/em> Sialle a Flandria gener\u00f3 un l\u00f3gico revuelo en el mundo canario. Con una amplia trayectoria en la categor\u00eda, el flamante DT asumi\u00f3 el mando del equipo tras el interinato de Dami\u00e1n Marchio en el <a href=\"https:\/\/diariodelujan.com\/xdeporte\/flandria-empato-en-agronomia\/\" target=\"_blank\" rel=\"noopener\">empate sin goles ante Comunicaciones<\/a> por la d\u00e9cima fecha. Presentado oficialmente el lunes previo al duelo, Sialle apenas tuvo una semana de trabajo para empezar a plasmar su idea. Y en su primer partido, ya se notaron cambios significativos.<\/p>\n<p>Con varias modificaciones en el once inicial \u2014como los regresos de Andr\u00e9s Camacho, Alejandro Nalerio y Franco Bustamante\u2014 el <em>Canario<\/em> sali\u00f3 al campo con una postura proactiva, decidido a imponer condiciones. Enfrente estaba nada menos que Liniers, uno de los animadores del torneo, que llegaba tercero en la tabla con 17 puntos, ocho m\u00e1s que Flandria, que ocupaba la 17\u00aa posici\u00f3n.<\/p>\n<h4><strong>Un primer tiempo parejo y con ocasiones para ambos<\/strong><\/h4>\n<p>Desde el arranque, Flandria intent\u00f3 adue\u00f1arse de la pelota y generar juego por las bandas. Joan Juncos fue uno de los m\u00e1s incisivos en los primeros minutos, con una jugada personal que termin\u00f3 con su remate en el techo del arco. Pero Liniers no se qued\u00f3 atr\u00e1s: avis\u00f3 a los 15 minutos con una acci\u00f3n colectiva que Mateo Gridel casi transforma en gol, pero su disparo cruzado se fue apenas desviado.<\/p>\n<p>El conjunto visitante tambi\u00e9n tuvo otra chance clara tras un error en la salida del <em>Canario<\/em>, que deriv\u00f3 en un potente remate desde afuera del \u00e1rea. All\u00ed apareci\u00f3 la figura de Tom\u00e1s Figueroa, quien vol\u00f3 para desviar el disparo al c\u00f3rner cuando parec\u00eda colarse en el \u00e1ngulo. Antes del descanso, Juncos debi\u00f3 salir por una molestia y fue reemplazado por Jonatan Palacio, aunque el desarrollo del juego no se modific\u00f3 demasiado.<\/p>\n<h4><strong>Golazo de Salega<\/strong><\/h4>\n<p>Ya en el complemento, el local sali\u00f3 con renovada energ\u00eda. El ingreso de Joan Esteche aport\u00f3 mayor movilidad y Gonzalo Salega empez\u00f3 a inclinar la balanza. De hecho, fue \u00e9l quien protagoniz\u00f3 una contra letal apenas comenzado el segundo tiempo, pero su intento fue desactivado justo a tiempo por el arquero visitante.<\/p>\n<p>El punto de quiebre lleg\u00f3 a los 13 minutos: tras un tiro de Dante Spitale que explot\u00f3 contra el palo izquierdo, en la jugada siguiente el \u00e1rbitro Juli\u00e1n Jerez sancion\u00f3 una mano al borde del \u00e1rea. Salega tom\u00f3 la pelota, se hizo cargo del tiro libre y la colg\u00f3 del \u00e1ngulo, marcando un golazo que hizo delirar a los de J\u00e1uregui.<\/p>\n<p>Con el <strong>1-0<\/strong>, Flandria se repleg\u00f3 con inteligencia y apost\u00f3 a las transiciones r\u00e1pidas. Liniers, obligado por el marcador, adelant\u00f3 l\u00edneas, pero choc\u00f3 una y otra vez contra un equipo compacto y ordenado. Spitale, figura silenciosa del <em>Canario<\/em>, volvi\u00f3 a rozar el segundo gol con otro remate desde lejos que volvi\u00f3 a dar en el palo, en lo que hubiera sido un cierre perfecto.<\/p>\n<h4><strong>Una victoria que renueva la ilusi\u00f3n<\/strong><\/h4>\n<p>Con este triunfo, los dirigidos por Sialle llegaron a 12 puntos en el torneo y cort\u00f3 una racha adversa, pero lo m\u00e1s importante fue la muestra de car\u00e1cter y solidez en el arranque del ciclo del nuevo DT, quien dej\u00f3 su sello desde el primer minuto, priorizando el orden t\u00e1ctico, la presi\u00f3n colectiva y el aprovechamiento de las pelotas paradas, un aspecto que se convirti\u00f3 en la llave del triunfo.<\/p>\n","protected":false},"excerpt":{"rendered":"<p>En una tarde cargada de expectativa, Flandria dio un paso firme hacia la recuperaci\u00f3n futbol\u00edstica al vencer a Liniers este s\u00e1bado en el Carlos V.<\/p>\n","protected":false},"author":3,"featured_media":15939,"comment_status":"closed","ping_status":"closed","sticky":false,"template":"","format":"standard","meta":{"tdm_status":"","tdm_grid_status":"","footnotes":""},"categories":[2,8],"tags":[171,172,173,233,445,198],"class_list":{"0":"post-15938","1":"post","2":"type-post","3":"status-publish","4":"format-standard","5":"has-post-thumbnail","7":"category-featured","8":"category-futbol","9":"tag-canario","10":"tag-flandria","11":"tag-futbol","12":"tag-liniers","13":"tag-nuevo-dt","14":"tag-primera-b"},"_links":{"self":[{"href":"https:\/\/diariodelujan.com\/xdeporte\/wp-json\/wp\/v2\/posts\/15938","targetHints":{"allow":["GET"]}}],"collection":[{"href":"https:\/\/diariodelujan.com\/xdeporte\/wp-json\/wp\/v2\/posts"}],"about":[{"href":"https:\/\/diariodelujan.com\/xdeporte\/wp-json\/wp\/v2\/types\/post"}],"author":[{"embeddable":true,"href":"https:\/\/diariodelujan.com\/xdeporte\/wp-json\/wp\/v2\/users\/3"}],"replies":[{"embeddable":true,"href":"https:\/\/diariodelujan.com\/xdeporte\/wp-json\/wp\/v2\/comments?post=15938"}],"version-history":[{"count":1,"href":"https:\/\/diariodelujan.com\/xdeporte\/wp-json\/wp\/v2\/posts\/15938\/revisions"}],"predecessor-version":[{"id":15940,"href":"https:\/\/diariodelujan.com\/xdeporte\/wp-json\/wp\/v2\/posts\/15938\/revisions\/15940"}],"wp:featuredmedia":[{"embeddable":true,"href":"https:\/\/diariodelujan.com\/xdeporte\/wp-json\/wp\/v2\/media\/15939"}],"wp:attachment":[{"href":"https:\/\/diariodelujan.com\/xdeporte\/wp-json\/wp\/v2\/media?parent=15938"}],"wp:term":[{"taxonomy":"category","embeddable":true,"href":"https:\/\/diariodelujan.com\/xdeporte\/wp-json\/wp\/v2\/categories?post=15938"},{"taxonomy":"post_tag","embeddable":true,"href":"https:\/\/diariodelujan.com\/xdeporte\/wp-json\/wp\/v2\/tags?post=15938"}],"curies":[{"name":"wp","href":"https:\/\/api.w.org\/{rel}","templated":true}]}}