{"id":15941,"date":"2025-04-12T20:07:00","date_gmt":"2025-04-12T23:07:00","guid":{"rendered":"https:\/\/diariodelujan.com\/xdeporte\/?p=15941"},"modified":"2025-04-13T18:28:24","modified_gmt":"2025-04-13T21:28:24","slug":"lujan-estrenara-nueva-tribuna","status":"publish","type":"post","link":"https:\/\/diariodelujan.com\/xdeporte\/lujan-estrenara-nueva-tribuna\/","title":{"rendered":"Luj\u00e1n estrenar\u00e1 nueva tribuna contra Lamadrid"},"content":{"rendered":"<p class=\"\" data-start=\"94\" data-end=\"319\"><span style=\"font-size: 14pt; font-family: georgia, palatino, serif;\"><em>Este domingo, <a href=\"https:\/\/www.facebook.com\/www.clublujan.com.ar\" target=\"_blank\" rel=\"noopener\">Luj\u00e1n<\/a> se enfrenta a Lamadrid en el 1\u00b0 de Abril con la ilusi\u00f3n de seguir creciendo en la Primera C y celebrar junto a su gente la inauguraci\u00f3n de un nuevo sector en la cancha.<\/em><\/span><\/p>\n<p data-start=\"94\" data-end=\"319\"><!--more--><\/p>\n<p><img loading=\"lazy\" decoding=\"async\" class=\"aligncenter wp-image-26469\" src=\"https:\/\/diariodelujan.com\/wp-content\/uploads\/2025\/04\/previa-lujan-lamadrid-2025.webp\" alt=\"Luj\u00e1n estrenar\u00e1 nueva tribuna contra Lamadrid\" width=\"450\" height=\"563\" title=\"\"><\/p>\n<p>El Club Luj\u00e1n vivir\u00e1 un domingo especial. No se trata solo de los tres puntos en juego ante General Lamadrid: ser\u00e1 tambi\u00e9n una jornada hist\u00f3rica para el <em>Lujanero<\/em>, que estrenar\u00e1 oficialmente su nueva tribuna local en el 1\u00b0 de Abril.<\/p>\n<p>Con el empuje de su gente y una nueva infraestructura que refuerza el sentido de pertenencia, los de la Bas\u00edlica buscar\u00e1n quedarse con un triunfo que les permita\u00a0 seguir como \u00fanico l\u00edder en la tabla de la zona B.<\/p>\n<h4><strong>El presente de Luj\u00e1n<\/strong><\/h4>\n<p>El equipo dirigido por Fredes ha mostrado una identidad competitiva en lo que va del campeonato. Con un puntaje casi perfecto, debido al <a href=\"https:\/\/diariodelujan.com\/xdeporte\/lujan-rescato-un-punto-clave\/\" target=\"_blank\" rel=\"noopener\">empate contra Estrella del Sur<\/a>, el <em>Lujanero<\/em> se ubica como \u00fanico puntero de la zona B de la Primera C.<\/p>\n<h4><strong>Lamadrid, siempre inc\u00f3modo y con aspiraciones<\/strong><\/h4>\n<p>General Lamadrid llega a este cruce con la intenci\u00f3n de cortar una racha negativa fuera de casa. El conjunto de Devoto ha sido irregular en condici\u00f3n de visitante, pero cuenta con jugadores de jerarqu\u00eda y experiencia en la categor\u00eda. En esta jornada buscar\u00e1 neutralizar al local y aprovechar cualquier error para lastimar.<\/p>\n<p>El <em>Carcelero<\/em> sabe que un triunfo en Luj\u00e1n puede ser el envi\u00f3n que necesita para meterse de lleno en la pelea por el campeonato. Por eso se espera un partido intenso, disputado.<\/p>\n<h4><strong>El estreno de la popular<\/strong><\/h4>\n<p><img loading=\"lazy\" decoding=\"async\" class=\"size-full wp-image-26468 aligncenter\" src=\"https:\/\/diariodelujan.com\/wp-content\/uploads\/2025\/04\/nueva-tribuna-lujan-2025.webp\" alt=\"Luj\u00e1n estrenar\u00e1 nueva tribuna contra Lamadrid\" width=\"640\" height=\"512\" title=\"\"><\/p>\n<p>El gran atractivo extrafutbol\u00edstico de la jornada ser\u00e1 el estreno oficial de la nueva popular en el estadio 1\u00b0 de Abril. Esta obra es s\u00edmbolo del crecimiento institucional del club, del esfuerzo dirigencial y del acompa\u00f1amiento de la comunidad. El nuevo sector incrementar\u00e1 la capacidad del estadio y mejorar\u00e1 la experiencia de los socios y simpatizantes.<\/p>\n<h4><strong>Historial entre Luj\u00e1n y Lamadrid<\/strong><\/h4>\n<p>A lo largo de la historia, Luj\u00e1n y Lamadrid han protagonizado duelos parejos, con un historial equilibrado que suma cap\u00edtulos tanto en Primera C como en la extinta Primera D. En los \u00faltimos enfrentamientos, hubieron dos triunfos a favor de la visita. El recuerdo m\u00e1s fresco fue el \u00faltimo cruce, donde Lamadrid se impuso 3 a 1, en condici\u00f3n de visitante.<\/p>\n<h4><strong>Clima de fiesta y expectativa m\u00e1xima<\/strong><\/h4>\n<p>El p\u00fablico del <em>Lujanero<\/em> ya palpita una jornada \u00fanica. La inauguraci\u00f3n de la nueva tribuna y el aliento incondicional de la hinchada marcar\u00e1n un antes y un despu\u00e9s en la historia reciente del club.<\/p>\n<p>El plantel lo sabe y quiere responder dentro del campo con entrega, f\u00fatbol y, sobre todo, una victoria. Porque este domingo, a las 15:30 hs, los de la banda no solo juegan un partido: celebran su presente y se proyectan hacia el futuro.<\/p>\n","protected":false},"excerpt":{"rendered":"<p>Este domingo, Luj\u00e1n se enfrenta a Lamadrid en el 1\u00b0 de Abril con la ilusi\u00f3n de seguir creciendo en la Primera C y celebrar junto a su gente la inauguraci\u00f3n de un nuevo sector en la cancha.<\/p>\n","protected":false},"author":3,"featured_media":15943,"comment_status":"closed","ping_status":"closed","sticky":false,"template":"","format":"standard","meta":{"tdm_status":"","tdm_grid_status":"","footnotes":""},"categories":[8],"tags":[173,211,117,184,447,130],"class_list":{"0":"post-15941","1":"post","2":"type-post","3":"status-publish","4":"format-standard","5":"has-post-thumbnail","7":"category-futbol","8":"tag-futbol","9":"tag-lamadrid","10":"tag-lujan","11":"tag-lujanero","12":"tag-nueva-tribuna","13":"tag-primera-c"},"_links":{"self":[{"href":"https:\/\/diariodelujan.com\/xdeporte\/wp-json\/wp\/v2\/posts\/15941","targetHints":{"allow":["GET"]}}],"collection":[{"href":"https:\/\/diariodelujan.com\/xdeporte\/wp-json\/wp\/v2\/posts"}],"about":[{"href":"https:\/\/diariodelujan.com\/xdeporte\/wp-json\/wp\/v2\/types\/post"}],"author":[{"embeddable":true,"href":"https:\/\/diariodelujan.com\/xdeporte\/wp-json\/wp\/v2\/users\/3"}],"replies":[{"embeddable":true,"href":"https:\/\/diariodelujan.com\/xdeporte\/wp-json\/wp\/v2\/comments?post=15941"}],"version-history":[{"count":1,"href":"https:\/\/diariodelujan.com\/xdeporte\/wp-json\/wp\/v2\/posts\/15941\/revisions"}],"predecessor-version":[{"id":15944,"href":"https:\/\/diariodelujan.com\/xdeporte\/wp-json\/wp\/v2\/posts\/15941\/revisions\/15944"}],"wp:featuredmedia":[{"embeddable":true,"href":"https:\/\/diariodelujan.com\/xdeporte\/wp-json\/wp\/v2\/media\/15943"}],"wp:attachment":[{"href":"https:\/\/diariodelujan.com\/xdeporte\/wp-json\/wp\/v2\/media?parent=15941"}],"wp:term":[{"taxonomy":"category","embeddable":true,"href":"https:\/\/diariodelujan.com\/xdeporte\/wp-json\/wp\/v2\/categories?post=15941"},{"taxonomy":"post_tag","embeddable":true,"href":"https:\/\/diariodelujan.com\/xdeporte\/wp-json\/wp\/v2\/tags?post=15941"}],"curies":[{"name":"wp","href":"https:\/\/api.w.org\/{rel}","templated":true}]}}