{"id":15952,"date":"2025-04-13T19:39:54","date_gmt":"2025-04-13T22:39:54","guid":{"rendered":"https:\/\/diariodelujan.com\/xdeporte\/?p=15952"},"modified":"2025-04-13T19:39:54","modified_gmt":"2025-04-13T22:39:54","slug":"lujan-empato-con-lamadrid","status":"publish","type":"post","link":"https:\/\/diariodelujan.com\/xdeporte\/lujan-empato-con-lamadrid\/","title":{"rendered":"Luj\u00e1n empat\u00f3 con Lamadrid pero sigue puntero en la Primera C"},"content":{"rendered":"<p class=\"\" data-start=\"0\" data-end=\"257\"><span style=\"font-family: georgia, palatino, serif; font-size: 14pt;\"><em data-start=\"74\" data-end=\"257\"><a href=\"https:\/\/www.facebook.com\/www.clublujan.com.ar\" target=\"_blank\" rel=\"noopener\">Luj\u00e1n<\/a> igual\u00f3 con Lamadrid en el cruce por la fecha 6. A pesar del esfuerzo, no pudo volver al triunfo pero mantuvo la cima de la Zona B.<\/em><\/span><\/p>\n<p data-start=\"0\" data-end=\"257\"><!--more--><\/p>\n<p class=\"\" data-start=\"259\" data-end=\"780\">Por la 6\u00aa fecha del Torneo Apertura de la Primera C, Luj\u00e1n empat\u00f3 este domingo con General Lamadrid en el estadio 1 de Abril, y aunque no logr\u00f3 reencontrarse con la victoria tras el ag\u00f3nico <a href=\"https:\/\/diariodelujan.com\/xdeporte\/lujan-rescato-un-punto-clave\/\" target=\"_blank\" rel=\"noopener\">empate sin goles ante Estrella del Sur<\/a>, se mantiene como l\u00edder e invicto en la Zona B.<\/p>\n<p class=\"\" data-start=\"259\" data-end=\"780\">El encuentro se disput\u00f3 desde las 15.30 bajo el arbitraje de Gonzalo Creimermann, en una jornada cargada de emoci\u00f3n por la inauguraci\u00f3n de la nueva tribuna popular detr\u00e1s de uno de los arcos, un hito para la instituci\u00f3n lujanense.<\/p>\n<h4 data-start=\"782\" data-end=\"822\"><strong>Un duelo con sabor a poco para Luj\u00e1n<\/strong><\/h4>\n<p class=\"\" data-start=\"824\" data-end=\"1232\">El equipo dirigido por Santiago Fredes salt\u00f3 al campo con el objetivo claro de dejar atr\u00e1s la igualdad en Claypole, donde el <em>Lujanero<\/em> hab\u00eda terminado con ocho jugadores por las pol\u00e9micas expulsiones de Carnelutto, Luj\u00e1n y Ramos. Pero el duelo ante Lamadrid no ser\u00eda nada sencillo: el <em>Carcelero<\/em> llegaba con el \u00e1nimo en alza tras vencer 3 a 1 a Argentino de Rosario y con la intenci\u00f3n de acercarse a la cima.<\/p>\n<p class=\"\" data-start=\"1234\" data-end=\"1618\">El primer tiempo mostr\u00f3 un desarrollo parejo, aunque Lamadrid logr\u00f3 generar m\u00e1s peligro cada vez que atacaba. Con un esquema de tres defensores, Luj\u00e1n qued\u00f3 expuesto en algunas transiciones r\u00e1pidas de la visita. Primero fue un remate de media distancia de Mart\u00edn Sarandeses que se fue por encima del travesa\u00f1o, luego un cabezazo de Nicol\u00e1s Pizarro que pas\u00f3 cerca del palo derecho.<\/p>\n<p class=\"\" data-start=\"1620\" data-end=\"2121\">El local respondi\u00f3 con una buena jugada colectiva: desborde de Lucas G\u00f3mez, centro al ras y Lisandro S\u00e1nchez Olmos que no pudo empujarla en el segundo palo. Pero la m\u00e1s clara fue para la visita, y no la desaprovech\u00f3. A los 28 minutos, un error en la defensa lujanense marc\u00f3 la diferencia: Nahuel Icazatti intent\u00f3 cederle la pelota de cabeza a su arquero Mat\u00edas Lescano, pero la dej\u00f3 corta. Ian Lynch intercept\u00f3 el pase y defini\u00f3 con clase ante la salida del uno, picando la pelota y poniendo el 1 a 0.<\/p>\n<h4 data-start=\"2123\" data-end=\"2165\"><strong>Reacci\u00f3n y empate con sabor a revancha<\/strong><\/h4>\n<p class=\"\" data-start=\"2167\" data-end=\"2451\">Para el complemento, Luj\u00e1n sali\u00f3 decidido a cambiar la historia. Con mayor presi\u00f3n en campo rival y un notorio dominio territorial, el local fue empujando a Lamadrid contra su arco. Las llegadas eran constantes, pero la precisi\u00f3n en los metros finales segu\u00eda siendo la gran deuda.<\/p>\n<p class=\"\" data-start=\"2453\" data-end=\"2779\">Hasta que, a los 16 minutos, lleg\u00f3 la justicia en el marcador. Un centro desde la izquierda encontr\u00f3 al arquero visitante N\u00e9stor Acosta a mitad de camino, y por el segundo palo apareci\u00f3 solo Di\u00f3genes Notta. El defensor no perdon\u00f3 y con un certero cabezazo estamp\u00f3 el 1 a 1.<\/p>\n<p class=\"\" data-start=\"2781\" data-end=\"3060\">Con el envi\u00f3n del empate, el due\u00f1o de casa busc\u00f3 quedarse con los tres puntos. Tuvo algunas chances claras, pero fall\u00f3 en la definici\u00f3n. Sobre el final, Lamadrid tambi\u00e9n gener\u00f3 peligro, aprovechando espacios y la necesidad del local por atacar. Sin embargo, el marcador no se movi\u00f3 m\u00e1s.<\/p>\n<h4 data-start=\"3062\" data-end=\"3091\"><strong>El <em>Lujanero<\/em> mantiene el liderazgo<\/strong><\/h4>\n<p class=\"\" data-start=\"3093\" data-end=\"3381\">Con este empate, los de la Bas\u00edlica llegan a 14 puntos en seis fechas disputadas, producto de cuatro victorias y dos empates. Adem\u00e1s, es uno de los pocos invictos que quedan en el campeonato, manteni\u00e9ndose en lo m\u00e1s alto de la Zona B con la solidez que viene mostrando desde el arranque del torneo.<\/p>\n<h4 data-start=\"3633\" data-end=\"3652\"><strong>Pr\u00f3ximo desaf\u00edo<\/strong><\/h4>\n<p class=\"\" data-start=\"3654\" data-end=\"3986\">En la pr\u00f3xima fecha, el <em>Lujanero<\/em> buscar\u00e1 volver al triunfo, esta vez, visitando a Centro Espa\u00f1ol, por la fecha 7.<\/p>\n","protected":false},"excerpt":{"rendered":"<p>Luj\u00e1n igual\u00f3 con Lamadrid en el cruce por la fecha 6. A pesar del esfuerzo, no pudo volver al triunfo pero mantuvo la cima de la Zona B.<\/p>\n","protected":false},"author":3,"featured_media":15953,"comment_status":"closed","ping_status":"closed","sticky":false,"template":"","format":"standard","meta":{"tdm_status":"","tdm_grid_status":"","footnotes":""},"categories":[2,8],"tags":[173,211,117,184,130],"class_list":{"0":"post-15952","1":"post","2":"type-post","3":"status-publish","4":"format-standard","5":"has-post-thumbnail","7":"category-featured","8":"category-futbol","9":"tag-futbol","10":"tag-lamadrid","11":"tag-lujan","12":"tag-lujanero","13":"tag-primera-c"},"_links":{"self":[{"href":"https:\/\/diariodelujan.com\/xdeporte\/wp-json\/wp\/v2\/posts\/15952","targetHints":{"allow":["GET"]}}],"collection":[{"href":"https:\/\/diariodelujan.com\/xdeporte\/wp-json\/wp\/v2\/posts"}],"about":[{"href":"https:\/\/diariodelujan.com\/xdeporte\/wp-json\/wp\/v2\/types\/post"}],"author":[{"embeddable":true,"href":"https:\/\/diariodelujan.com\/xdeporte\/wp-json\/wp\/v2\/users\/3"}],"replies":[{"embeddable":true,"href":"https:\/\/diariodelujan.com\/xdeporte\/wp-json\/wp\/v2\/comments?post=15952"}],"version-history":[{"count":1,"href":"https:\/\/diariodelujan.com\/xdeporte\/wp-json\/wp\/v2\/posts\/15952\/revisions"}],"predecessor-version":[{"id":15954,"href":"https:\/\/diariodelujan.com\/xdeporte\/wp-json\/wp\/v2\/posts\/15952\/revisions\/15954"}],"wp:featuredmedia":[{"embeddable":true,"href":"https:\/\/diariodelujan.com\/xdeporte\/wp-json\/wp\/v2\/media\/15953"}],"wp:attachment":[{"href":"https:\/\/diariodelujan.com\/xdeporte\/wp-json\/wp\/v2\/media?parent=15952"}],"wp:term":[{"taxonomy":"category","embeddable":true,"href":"https:\/\/diariodelujan.com\/xdeporte\/wp-json\/wp\/v2\/categories?post=15952"},{"taxonomy":"post_tag","embeddable":true,"href":"https:\/\/diariodelujan.com\/xdeporte\/wp-json\/wp\/v2\/tags?post=15952"}],"curies":[{"name":"wp","href":"https:\/\/api.w.org\/{rel}","templated":true}]}}