{"id":15956,"date":"2025-04-17T21:54:03","date_gmt":"2025-04-18T00:54:03","guid":{"rendered":"https:\/\/diariodelujan.com\/xdeporte\/?p=15956"},"modified":"2025-04-17T21:54:03","modified_gmt":"2025-04-18T00:54:03","slug":"el-tenis-de-mia-brayotta-brillo-en-peru","status":"publish","type":"post","link":"https:\/\/diariodelujan.com\/xdeporte\/el-tenis-de-mia-brayotta-brillo-en-peru\/","title":{"rendered":"El tenis de M\u00eda Brayotta brill\u00f3 en Per\u00fa: campeona en Dobles y semifinalista en Singles"},"content":{"rendered":"<p><span style=\"font-family: georgia, palatino, serif; font-size: 14pt;\"><em>La joven promesa del Luj\u00e1n Tenis Club contin\u00faa construyendo su camino internacional a paso firme. M\u00eda Brayotta se coron\u00f3 campeona en la especialidad Dobles y alcanz\u00f3 las semifinales en Singles en el Torneo J60 disputado en Trujillo, Per\u00fa, consolidando su ascenso en el ranking mundial juvenil de tenis.<\/em><\/span><\/p>\n<p><!--more--><\/p>\n<p>Con tan solo 16 a\u00f1os, M\u00eda Brayotta se perfila como una de las grandes figuras emergentes del tenis argentino. En esta oportunidad, la lujanense viaj\u00f3 junto a su entrenador Mat\u00edas Silvano a tierras peruanas para disputar el prestigioso <strong>Torneo J60 de Trujillo<\/strong>, competencia avalada por la <strong>ITF (<a href=\"https:\/\/www.itftennis.com\/en\/\" target=\"_blank\" rel=\"noopener\">International Tennis Federation<\/a>)<\/strong> que re\u00fane a j\u00f3venes talentos de todo el mundo.<\/p>\n<h3><strong>Un campeonato que reafirma su talento en Dobles<\/strong><\/h3>\n<p>El gran logro lleg\u00f3 en la modalidad Dobles, donde M\u00eda form\u00f3 una s\u00f3lida dupla con la local Valeria Casusol. Juntas protagonizaron un torneo impecable, mostrando qu\u00edmica, potencia y precisi\u00f3n en los momentos clave. Partido tras partido fueron dejando atr\u00e1s a sus rivales hasta consagrarse <strong>campeonas del certamen<\/strong>, un resultado que no solo les otorg\u00f3 trofeos, sino valiosos puntos en el ranking ITF Junior.<\/p>\n<h3><strong>Semifinal en Singles de alto nivel<br \/>\n<\/strong><\/h3>\n<p>En la modalidad Singles, Brayotta tambi\u00e9n dej\u00f3 su huella. Alcanz\u00f3 las <strong>semifinales<\/strong> luego de una racha de victorias contundentes, hasta enfrentarse con la estadounidense <strong>Yael Safer<\/strong>, una de las principales preclasificadas. El encuentro fue de alto voltaje t\u00e9cnico y emocional, y aunque la victoria qued\u00f3 en manos de la norteamericana, M\u00eda demostr\u00f3 car\u00e1cter, solidez desde el fondo de la cancha y una madurez en su juego que no pas\u00f3 desapercibida.<\/p>\n<p>M\u00eda Brayotta es el fruto de a\u00f1os de trabajo en el <strong>Luj\u00e1n <a href=\"https:\/\/diariodelujan.com\/m25-de-tenis-en-lujan\/\">Tenis<\/a> Club<\/strong>, donde entrena bajo la supervisi\u00f3n de la academia local. Su desarrollo no ha sido casual: torneos previos en <strong>Chile y Mendoza<\/strong> ya daban indicios del potencial que ahora empieza a materializarse con resultados concretos en el circuito internacional juvenil.<\/p>\n<p>El desempe\u00f1o en Trujillo no solo suma prestigio sino puntos cruciales que la hacen escalar en el <strong>Ranking Mundial Juniors de la ITF<\/strong>, ubic\u00e1ndola cada vez m\u00e1s cerca de competir en los eventos m\u00e1s importantes de su categor\u00eda.<\/p>\n<p><a href=\"https:\/\/diariodelujan.com\/wp-content\/uploads\/2025\/04\/Mia-tenis.webp\"><img loading=\"lazy\" decoding=\"async\" class=\"alignnone size-full wp-image-26665\" src=\"https:\/\/diariodelujan.com\/wp-content\/uploads\/2025\/04\/Mia-tenis.webp\" alt=\"El tenis de M\u00eda Brayotta brilla en Per\u00fa\" width=\"703\" height=\"517\" title=\"\"><\/a><\/p>\n<h3><strong>Una carrera en ascenso<\/strong><\/h3>\n<p>Con una agenda cada vez m\u00e1s internacional y un equipo que la respalda en cada paso, M\u00eda Brayotta sigue ganando experiencia y confianza. Su capacidad para competir tanto en Singles como en Dobles le da una versatilidad destacable, un atributo clave en el tenis moderno.<\/p>\n<p>El caso de M\u00eda se enmarca en un contexto alentador para el <strong>tenis femenino argentino<\/strong>, que comienza a recuperar protagonismo en el plano internacional. Figuras como Solana Sierra y Luciana Moyano est\u00e1n marcando el camino, y j\u00f3venes como Brayotta vienen empujando con fuerza para formar parte de esa camada renovadora.<\/p>\n<p>La historia de M\u00eda Brayotta no es solo la de una joven que gana torneos. Es la historia de una pasi\u00f3n por el <strong>tenis<\/strong> que cruza fronteras, que exige sacrificio y trabajo diario. Y es tambi\u00e9n la historia de una ciudad, Luj\u00e1n, que ve crecer a una de sus representantes con orgullo en cada cancha que pisa.<\/p>\n<p>El futuro de M\u00eda parece tan prometedor como su presente. Con t\u00edtulos internacionales ya en su haber y un rendimiento que sigue en alza, su nombre empieza a sonar fuerte en el mundo del tenis juvenil. Y si sigue a este ritmo, no pasar\u00e1 mucho tiempo antes de verla competir en los grandes escenarios del tenis profesional.<\/p>\n","protected":false},"excerpt":{"rendered":"<p>La joven promesa del Luj\u00e1n Tenis Club contin\u00faa construyendo su camino internacional a paso firme. M\u00eda Brayotta se coron\u00f3 campeona en la especialidad Dobles y alcanz\u00f3 las semifinales en Singles en el Torneo J60 disputado en Trujillo, Per\u00fa, consolidando su ascenso en el ranking mundial juvenil de tenis.<\/p>\n","protected":false},"author":4,"featured_media":15957,"comment_status":"closed","ping_status":"closed","sticky":false,"template":"","format":"standard","meta":{"tdm_status":"","tdm_grid_status":"","footnotes":""},"categories":[11,2],"tags":[449,106],"class_list":{"0":"post-15956","1":"post","2":"type-post","3":"status-publish","4":"format-standard","5":"has-post-thumbnail","7":"category-tenis","8":"category-featured","9":"tag-mia-brayotta","10":"tag-tenis"},"_links":{"self":[{"href":"https:\/\/diariodelujan.com\/xdeporte\/wp-json\/wp\/v2\/posts\/15956","targetHints":{"allow":["GET"]}}],"collection":[{"href":"https:\/\/diariodelujan.com\/xdeporte\/wp-json\/wp\/v2\/posts"}],"about":[{"href":"https:\/\/diariodelujan.com\/xdeporte\/wp-json\/wp\/v2\/types\/post"}],"author":[{"embeddable":true,"href":"https:\/\/diariodelujan.com\/xdeporte\/wp-json\/wp\/v2\/users\/4"}],"replies":[{"embeddable":true,"href":"https:\/\/diariodelujan.com\/xdeporte\/wp-json\/wp\/v2\/comments?post=15956"}],"version-history":[{"count":2,"href":"https:\/\/diariodelujan.com\/xdeporte\/wp-json\/wp\/v2\/posts\/15956\/revisions"}],"predecessor-version":[{"id":15959,"href":"https:\/\/diariodelujan.com\/xdeporte\/wp-json\/wp\/v2\/posts\/15956\/revisions\/15959"}],"wp:featuredmedia":[{"embeddable":true,"href":"https:\/\/diariodelujan.com\/xdeporte\/wp-json\/wp\/v2\/media\/15957"}],"wp:attachment":[{"href":"https:\/\/diariodelujan.com\/xdeporte\/wp-json\/wp\/v2\/media?parent=15956"}],"wp:term":[{"taxonomy":"category","embeddable":true,"href":"https:\/\/diariodelujan.com\/xdeporte\/wp-json\/wp\/v2\/categories?post=15956"},{"taxonomy":"post_tag","embeddable":true,"href":"https:\/\/diariodelujan.com\/xdeporte\/wp-json\/wp\/v2\/tags?post=15956"}],"curies":[{"name":"wp","href":"https:\/\/api.w.org\/{rel}","templated":true}]}}