{"id":15961,"date":"2025-04-18T18:56:28","date_gmt":"2025-04-18T21:56:28","guid":{"rendered":"https:\/\/diariodelujan.com\/xdeporte\/?p=15961"},"modified":"2025-04-19T19:04:33","modified_gmt":"2025-04-19T22:04:33","slug":"flandria-visita-a-laferrere","status":"publish","type":"post","link":"https:\/\/diariodelujan.com\/xdeporte\/flandria-visita-a-laferrere\/","title":{"rendered":"Flandria quiere ser protagonista en Laferrere"},"content":{"rendered":"<p class=\"\" data-start=\"69\" data-end=\"581\"><span style=\"font-size: 14pt; font-family: georgia, palatino, serif;\"><em>Este s\u00e1bado, por la fecha 12 del Apertura de la Primera B Metropolitana, <a href=\"https:\/\/www.facebook.com\/ClubsydFlandria\" target=\"_blank\" rel=\"noopener\">Flandria <\/a>visitar\u00e1 a Deportivo Laferrere en el estadio Ciudad de Laferrere.\u00a0<\/em><\/span><\/p>\n<p data-start=\"69\" data-end=\"581\"><!--more--><\/p>\n<h4 data-start=\"1589\" data-end=\"1626\"><strong>Flandria: la hora de dar el golpe<\/strong><\/h4>\n<p class=\"\" data-start=\"1628\" data-end=\"2044\">El <em>Canario<\/em> viaja al sur del conurbano con el claro objetivo de sumar de a tres. Tras un <a href=\"https:\/\/diariodelujan.com\/xdeporte\/con-nuevo-dt-flandria-gano\/\" target=\"_blank\" rel=\"noopener\">buen resultado en el debut de Sialle<\/a>, En esta ocasi\u00f3n, Flandria buscar\u00e1 en su visita a Laferrere dar el golpe y volver a ganar fuera de casa<\/p>\n<p class=\"\" data-start=\"2046\" data-end=\"2456\">El cuerpo t\u00e9cnico ha trabajado en fortalecer el mediocampo y mejorar la transici\u00f3n ofensiva, con la idea de imponer condiciones lejos de casa. En este torneo, el \u00faltimo triunfo de Flandria como visitante fue en la fecha 2, contra UAI Urquiza, a quien derrot\u00f3 por 2-0.<\/p>\n<h4 data-start=\"588\" data-end=\"636\"><strong>Laferrere, obligado a hacer pesar su local\u00eda<\/strong><\/h4>\n<p class=\"\" data-start=\"638\" data-end=\"1063\">El <em>Villero<\/em> llega a esta cita con una mochila cargada de presi\u00f3n. Hasta aqu\u00ed, el conjunto del oeste del conurbano ha obtenido nueve puntos en diez partidos jugados, lo que lo mantienen en la parte baja de la tabla, y cada vez que ha tenido la oportunidad de escalar posiciones, ha dejado puntos clave en el camino.<\/p>\n<h4 data-start=\"2706\" data-end=\"2757\"><strong>Un cruce con historia reciente<\/strong><\/h4>\n<p class=\"\" data-start=\"2759\" data-end=\"3084\">Los dos enfrentamientos entre Flandria y Laferrere en 2024 dejaron un empate en 1 y una victoria para el <em>Canario,<\/em> en el Carlos V, por 3 a 0. Este nuevo encuentro est\u00e1 programado para las 15:30 del s\u00e1bado y contar\u00e1 con el arbitraje de Gonzalo Creimerman.<\/p>\n","protected":false},"excerpt":{"rendered":"<p>Este s\u00e1bado, por la fecha 12 del Apertura de la Primera B Metropolitana, Flandria visitar\u00e1 a Deportivo Laferrere en el estadio Ciudad de Laferrere.\u00a0<\/p>\n","protected":false},"author":3,"featured_media":15966,"comment_status":"closed","ping_status":"closed","sticky":false,"template":"","format":"standard","meta":{"tdm_status":"","tdm_grid_status":"","footnotes":""},"categories":[8],"tags":[171,172,173,210,198],"class_list":{"0":"post-15961","1":"post","2":"type-post","3":"status-publish","4":"format-standard","5":"has-post-thumbnail","7":"category-futbol","8":"tag-canario","9":"tag-flandria","10":"tag-futbol","11":"tag-laferrere","12":"tag-primera-b"},"_links":{"self":[{"href":"https:\/\/diariodelujan.com\/xdeporte\/wp-json\/wp\/v2\/posts\/15961","targetHints":{"allow":["GET"]}}],"collection":[{"href":"https:\/\/diariodelujan.com\/xdeporte\/wp-json\/wp\/v2\/posts"}],"about":[{"href":"https:\/\/diariodelujan.com\/xdeporte\/wp-json\/wp\/v2\/types\/post"}],"author":[{"embeddable":true,"href":"https:\/\/diariodelujan.com\/xdeporte\/wp-json\/wp\/v2\/users\/3"}],"replies":[{"embeddable":true,"href":"https:\/\/diariodelujan.com\/xdeporte\/wp-json\/wp\/v2\/comments?post=15961"}],"version-history":[{"count":1,"href":"https:\/\/diariodelujan.com\/xdeporte\/wp-json\/wp\/v2\/posts\/15961\/revisions"}],"predecessor-version":[{"id":15963,"href":"https:\/\/diariodelujan.com\/xdeporte\/wp-json\/wp\/v2\/posts\/15961\/revisions\/15963"}],"wp:featuredmedia":[{"embeddable":true,"href":"https:\/\/diariodelujan.com\/xdeporte\/wp-json\/wp\/v2\/media\/15966"}],"wp:attachment":[{"href":"https:\/\/diariodelujan.com\/xdeporte\/wp-json\/wp\/v2\/media?parent=15961"}],"wp:term":[{"taxonomy":"category","embeddable":true,"href":"https:\/\/diariodelujan.com\/xdeporte\/wp-json\/wp\/v2\/categories?post=15961"},{"taxonomy":"post_tag","embeddable":true,"href":"https:\/\/diariodelujan.com\/xdeporte\/wp-json\/wp\/v2\/tags?post=15961"}],"curies":[{"name":"wp","href":"https:\/\/api.w.org\/{rel}","templated":true}]}}