{"id":15971,"date":"2025-04-19T19:29:08","date_gmt":"2025-04-19T22:29:08","guid":{"rendered":"https:\/\/diariodelujan.com\/xdeporte\/?p=15971"},"modified":"2025-04-19T19:29:08","modified_gmt":"2025-04-19T22:29:08","slug":"flandria-sufrio-una-dura-goleada","status":"publish","type":"post","link":"https:\/\/diariodelujan.com\/xdeporte\/flandria-sufrio-una-dura-goleada\/","title":{"rendered":"Flandria sufri\u00f3 una dura goleada ante Laferrere"},"content":{"rendered":"<p class=\"\" data-start=\"166\" data-end=\"634\"><span style=\"font-size: 14pt; font-family: georgia, palatino, serif;\"><em>En una tarde para el olvido, <a href=\"https:\/\/www.facebook.com\/ClubsydFlandria\" target=\"_blank\" rel=\"noopener\">Flandria<\/a> cay\u00f3 ante Deportivo Laferrere este s\u00e1bado, en el marco de una nueva fecha del torneo de la Primera B.<\/em><\/span><\/p>\n<p data-start=\"166\" data-end=\"634\"><!--more--><\/p>\n<p class=\"\" data-start=\"166\" data-end=\"634\">A pesar del <a href=\"https:\/\/diariodelujan.com\/xdeporte\/con-nuevo-dt-flandria-gano\/\" target=\"_blank\" rel=\"noopener\">buen arranque del DT<\/a> contra Liniers la semana pasada, Flandria fue ampliamente superado por un rival que, aunque llegaba por debajo en la tabla, mostr\u00f3 mayor oficio, orden y contundencia para quedarse con los tres puntos en casa.<\/p>\n<h4 data-start=\"636\" data-end=\"669\"><strong>Inicio demoledor para Flandria<\/strong><\/h4>\n<p class=\"\" data-start=\"671\" data-end=\"1039\">Desde el pitazo inicial, el due\u00f1o de casa impuso condiciones. Apenas hab\u00edan pasado unos minutos cuando un centro desde la derecha encontr\u00f3 a Fernando Ortiz libre de marcas en el \u00e1rea. El delantero conect\u00f3 un cabezazo certero que se elev\u00f3 por encima del arquero Facundo Figueroa para establecer el 1-0.<\/p>\n<p class=\"\" data-start=\"1041\" data-end=\"1369\">La ventaja temprana dej\u00f3 at\u00f3nito al <em>Canario<\/em>, que no logr\u00f3 reaccionar ni ajustar l\u00edneas. Sin tiempo para acomodarse, el conjunto de J\u00e1uregui volvi\u00f3 a sufrir en defensa: otro error en el fondo termin\u00f3 con un d\u00e9bil despeje de Figueroa que Ortiz, siempre atento, aprovech\u00f3 para empujar al fondo de la red y poner el 2-0 antes del minuto 10.<\/p>\n<h4 data-start=\"1371\" data-end=\"1401\"><strong>El tercero, un golpe letal<\/strong><\/h4>\n<p class=\"\" data-start=\"1403\" data-end=\"1746\">El golpe de gracia no tard\u00f3 en llegar. En una jugada que reflej\u00f3 el desconcierto defensivo de Flandria, una mala salida desde el fondo fue interceptada por Lucas Goberville, quien defini\u00f3 cruzado para sellar el 3 a 0. A esa altura, el conjunto dirigido por Sialle mostraba fisuras en todas sus l\u00edneas y no encontraba caminos para revertir la historia.<\/p>\n<h4 data-start=\"1748\" data-end=\"1778\"><strong>Tibia reacci\u00f3n del Canario en la segunda mitad<\/strong><\/h4>\n<p class=\"\" data-start=\"1780\" data-end=\"2207\">Si bien Flandria tuvo algunas aproximaciones, especialmente en los pies y la cabeza de Gonzalo Salega, el arquero local, Morel, respondi\u00f3 cada vez que fue exigido. En el segundo tiempo, los dirigidos por Sialle intentaron acortar distancias, pero sin ideas claras ni precisi\u00f3n en los metros finales. Un tiro de esquina cerrado de Salega casi se mete por el segundo palo, pero entre Morel y su defensa evitaron el descuento.<\/p>\n<p class=\"\" data-start=\"2209\" data-end=\"2455\">La lesi\u00f3n de Alejandro Gonz\u00e1lez promediando la segunda etapa encendi\u00f3 a\u00fan m\u00e1s las alarmas en el banco de suplentes del <em>Canario<\/em>, que ya hab\u00eda viajado a La Matanza con una formaci\u00f3n remendada por las m\u00faltiples bajas f\u00edsicas que arrastra el plantel.<\/p>\n<h4 data-start=\"2457\" data-end=\"2485\"><strong>Una derrota que preocupa<\/strong><\/h4>\n<p class=\"\" data-start=\"2487\" data-end=\"2765\">M\u00e1s all\u00e1 del resultado, lo que m\u00e1s preocupa en Flandria es el rendimiento colectivo. El equipo se mostr\u00f3 endeble defensivamente, carente de creatividad en el medio y con poca presencia ofensiva. El contexto no ayuda: las lesiones diezman la n\u00f3mina y la tabla comienza a apretar.<\/p>\n<p class=\"\" data-start=\"2767\" data-end=\"2978\">De esta forma, el <em>Canario<\/em> deber\u00e1 levantar cabeza r\u00e1pidamente. El pr\u00f3ximo fin de semana recibir\u00e1 a F\u00e9nix con la obligaci\u00f3n de cambiar la imagen, sumar de a tres y recuperar la confianza.<\/p>\n","protected":false},"excerpt":{"rendered":"<p>En una tarde para el olvido, Flandria cay\u00f3 ante Deportivo Laferrere este s\u00e1bado, en el marco de una nueva fecha del torneo de la Primera B.<\/p>\n","protected":false},"author":3,"featured_media":15972,"comment_status":"closed","ping_status":"closed","sticky":false,"template":"","format":"standard","meta":{"tdm_status":"","tdm_grid_status":"","footnotes":""},"categories":[2,8],"tags":[171,172,173,210,198],"class_list":{"0":"post-15971","1":"post","2":"type-post","3":"status-publish","4":"format-standard","5":"has-post-thumbnail","7":"category-featured","8":"category-futbol","9":"tag-canario","10":"tag-flandria","11":"tag-futbol","12":"tag-laferrere","13":"tag-primera-b"},"_links":{"self":[{"href":"https:\/\/diariodelujan.com\/xdeporte\/wp-json\/wp\/v2\/posts\/15971","targetHints":{"allow":["GET"]}}],"collection":[{"href":"https:\/\/diariodelujan.com\/xdeporte\/wp-json\/wp\/v2\/posts"}],"about":[{"href":"https:\/\/diariodelujan.com\/xdeporte\/wp-json\/wp\/v2\/types\/post"}],"author":[{"embeddable":true,"href":"https:\/\/diariodelujan.com\/xdeporte\/wp-json\/wp\/v2\/users\/3"}],"replies":[{"embeddable":true,"href":"https:\/\/diariodelujan.com\/xdeporte\/wp-json\/wp\/v2\/comments?post=15971"}],"version-history":[{"count":1,"href":"https:\/\/diariodelujan.com\/xdeporte\/wp-json\/wp\/v2\/posts\/15971\/revisions"}],"predecessor-version":[{"id":15973,"href":"https:\/\/diariodelujan.com\/xdeporte\/wp-json\/wp\/v2\/posts\/15971\/revisions\/15973"}],"wp:featuredmedia":[{"embeddable":true,"href":"https:\/\/diariodelujan.com\/xdeporte\/wp-json\/wp\/v2\/media\/15972"}],"wp:attachment":[{"href":"https:\/\/diariodelujan.com\/xdeporte\/wp-json\/wp\/v2\/media?parent=15971"}],"wp:term":[{"taxonomy":"category","embeddable":true,"href":"https:\/\/diariodelujan.com\/xdeporte\/wp-json\/wp\/v2\/categories?post=15971"},{"taxonomy":"post_tag","embeddable":true,"href":"https:\/\/diariodelujan.com\/xdeporte\/wp-json\/wp\/v2\/tags?post=15971"}],"curies":[{"name":"wp","href":"https:\/\/api.w.org\/{rel}","templated":true}]}}