{"id":15980,"date":"2025-04-20T22:12:06","date_gmt":"2025-04-21T01:12:06","guid":{"rendered":"https:\/\/diariodelujan.com\/xdeporte\/?p=15980"},"modified":"2025-04-22T18:46:41","modified_gmt":"2025-04-22T21:46:41","slug":"lujan-visita-a-centro-espanol-2","status":"publish","type":"post","link":"https:\/\/diariodelujan.com\/xdeporte\/lujan-visita-a-centro-espanol-2\/","title":{"rendered":"Luj\u00e1n quiere pisar fuerte ante Centro Espa\u00f1ol y seguir en alza"},"content":{"rendered":"<p class=\"\" data-start=\"68\" data-end=\"415\"><span style=\"font-size: 14pt; font-family: georgia, palatino, serif;\"><em>Este martes, el <a href=\"https:\/\/www.facebook.com\/www.clublujan.com.ar\" target=\"_blank\" rel=\"noopener\">Club Luj\u00e1n<\/a> visita a Centro Espa\u00f1ol en el cierre de la fecha 7 de la Primera C. El conjunto lujanense busca consolidarse en la zona alta de la tabla.<\/em><\/span><\/p>\n<p data-start=\"68\" data-end=\"415\"><!--more--><\/p>\n<h4 data-start=\"422\" data-end=\"471\"><strong>Luj\u00e1n, en busca de regularidad y protagonismo<\/strong><\/h4>\n<p class=\"\" data-start=\"473\" data-end=\"827\">El conjunto dirigido por Fredes atraviesa un momento alentador en el campeonato. Luego del <a href=\"https:\/\/diariodelujan.com\/xdeporte\/lujan-empato-con-lamadrid\/\" target=\"_blank\" rel=\"noopener\">empate con Lamadrid<\/a>, Luj\u00e1n qued\u00f3 puntero con 14 unidades, junto con Camioneros. El <em>Lujanero<\/em> tiene la ilusi\u00f3n intacta de mantenerse en la pelea por el ascenso. Para lograrlo, necesita seguir sumando de a tres para seguir dependiendo de s\u00ed mismo.<\/p>\n<h4 data-start=\"1380\" data-end=\"1428\"><strong>Centro Espa\u00f1ol necesitado de victorias<\/strong><\/h4>\n<p class=\"\" data-start=\"1724\" data-end=\"2077\">Centro Espa\u00f1ol llega al duelo frente a Luj\u00e1n con la necesidad de recuperarse y salir del fondo. En condici\u00f3n de local aun no se ha quedado con los tres puntos, pues solo pudo ganarle a Yupanqui en condici\u00f3n de visitante.<\/p>\n<h4 data-start=\"2084\" data-end=\"2123\"><strong>\u00daltimos enfrentamientos<\/strong><\/h4>\n<p class=\"\" data-start=\"2125\" data-end=\"2550\">Los \u00faltimos cruces entre ambos marcan una paridad. El equipo de la banda fue victorioso como local por 2 a 1. Mientras que, la \u00faltima vez que se enfrentaron, el <em>Gallego<\/em> se hizo fuerte en casa con el mismo resultado.<\/p>\n<p data-start=\"2125\" data-end=\"2550\">Este nuevo encuentro se jugar\u00e1 este marte, a partir de las 15:30 hs. y ser\u00e1 arbitrado por Mart\u00edn Desp\u00f3sito.<\/p>\n","protected":false},"excerpt":{"rendered":"<p>Este martes, el Club Luj\u00e1n visita a Centro Espa\u00f1ol en el cierre de la fecha 7 de la Primera C. El conjunto lujanense busca consolidarse en la zona alta de la tabla.<\/p>\n","protected":false},"author":3,"featured_media":15982,"comment_status":"closed","ping_status":"closed","sticky":false,"template":"","format":"standard","meta":{"tdm_status":"","tdm_grid_status":"","footnotes":""},"categories":[8],"tags":[237,173,117,184,130],"class_list":{"0":"post-15980","1":"post","2":"type-post","3":"status-publish","4":"format-standard","5":"has-post-thumbnail","8":"tag-centro-espanol","9":"tag-futbol","10":"tag-lujan","11":"tag-lujanero","12":"tag-primera-c"},"_links":{"self":[{"href":"https:\/\/diariodelujan.com\/xdeporte\/wp-json\/wp\/v2\/posts\/15980","targetHints":{"allow":["GET"]}}],"collection":[{"href":"https:\/\/diariodelujan.com\/xdeporte\/wp-json\/wp\/v2\/posts"}],"about":[{"href":"https:\/\/diariodelujan.com\/xdeporte\/wp-json\/wp\/v2\/types\/post"}],"author":[{"embeddable":true,"href":"https:\/\/diariodelujan.com\/xdeporte\/wp-json\/wp\/v2\/users\/3"}],"replies":[{"embeddable":true,"href":"https:\/\/diariodelujan.com\/xdeporte\/wp-json\/wp\/v2\/comments?post=15980"}],"version-history":[{"count":3,"href":"https:\/\/diariodelujan.com\/xdeporte\/wp-json\/wp\/v2\/posts\/15980\/revisions"}],"predecessor-version":[{"id":15984,"href":"https:\/\/diariodelujan.com\/xdeporte\/wp-json\/wp\/v2\/posts\/15980\/revisions\/15984"}],"wp:featuredmedia":[{"embeddable":true,"href":"https:\/\/diariodelujan.com\/xdeporte\/wp-json\/wp\/v2\/media\/15982"}],"wp:attachment":[{"href":"https:\/\/diariodelujan.com\/xdeporte\/wp-json\/wp\/v2\/media?parent=15980"}],"wp:term":[{"taxonomy":"category","embeddable":true,"href":"https:\/\/diariodelujan.com\/xdeporte\/wp-json\/wp\/v2\/categories?post=15980"},{"taxonomy":"post_tag","embeddable":true,"href":"https:\/\/diariodelujan.com\/xdeporte\/wp-json\/wp\/v2\/tags?post=15980"}],"curies":[{"name":"wp","href":"https:\/\/api.w.org\/{rel}","templated":true}]}}