{"id":15988,"date":"2025-04-22T19:10:02","date_gmt":"2025-04-22T22:10:02","guid":{"rendered":"https:\/\/diariodelujan.com\/xdeporte\/?p=15988"},"modified":"2025-04-22T19:10:02","modified_gmt":"2025-04-22T22:10:02","slug":"lujan-derroto-a-centro-espanol","status":"publish","type":"post","link":"https:\/\/diariodelujan.com\/xdeporte\/lujan-derroto-a-centro-espanol\/","title":{"rendered":"Luj\u00e1n derrot\u00f3 a Centro Espa\u00f1ol y se mantiene primero"},"content":{"rendered":"<p class=\"\" data-start=\"103\" data-end=\"484\"><span style=\"font-size: 14pt; font-family: georgia, palatino, serif;\"><em>Por la 7\u00b0 fecha de la Zona B de la Primera C, <a href=\"https:\/\/www.facebook.com\/www.clublujan.com.ar\" target=\"_blank\" rel=\"noopener\">Luj\u00e1n<\/a> consigui\u00f3 este martes una valiosa victoria como visitante frente a Centro Espa\u00f1ol, en el Estadio Carlos Sacaan de Ituzaing\u00f3.<\/em><\/span><\/p>\n<p data-start=\"103\" data-end=\"484\"><!--more--><\/p>\n<p class=\"\" data-start=\"103\" data-end=\"484\">\u00a0Luj\u00e1n derrot\u00f3 a Centro Espa\u00f1ol y se mantiene invicto y liderando el torneo con autoridad, a pesar de las bajas importantes y las dificultades que present\u00f3 el tr\u00e1mite del encuentro.<\/p>\n<p class=\"\" data-start=\"486\" data-end=\"704\">El partido, originalmente programado para el lunes, fue reprogramado por decisi\u00f3n de la AFA tras el fallecimiento del Papa Francisco.<\/p>\n<h4 data-start=\"706\" data-end=\"749\"><strong>Luj\u00e1n, l\u00edder e invicto, mostr\u00f3 car\u00e1cter<\/strong><\/h4>\n<p class=\"\" data-start=\"751\" data-end=\"1141\">Luj\u00e1n llegaba a este compromiso tras dos empates consecutivos, el \u00faltimo <a href=\"https:\/\/diariodelujan.com\/xdeporte\/lujan-empato-con-lamadrid\/\" target=\"_blank\" rel=\"noopener\">el pasado domingo frente a General Lamadrid<\/a> en el estadio 1\u00b0 de Abril, donde adem\u00e1s inaugur\u00f3 su nueva tribuna popular. El objetivo era volver al triunfo para sostener la punta y extender el invicto, a pesar de las sanciones que dejaron fuera a jugadores claves como Maximiliano Carnelutto, Tom\u00e1s Luj\u00e1n y Eladio Ramos.<\/p>\n<p class=\"\" data-start=\"1143\" data-end=\"1448\">Con apenas un cambio respecto al once anterior \u2014Juli\u00e1n Ford en lugar de Tob\u00edas Ferrari\u2014, el <em>Lujanero<\/em> enfrent\u00f3 a un rival necesitado de puntos: Centro Espa\u00f1ol, que ven\u00eda de perder frente a Argentino de Rosario y ocupaba la pen\u00faltima posici\u00f3n con tan solo cuatro unidades, diez menos que los de la Bas\u00edlica.<\/p>\n<h4 data-start=\"1450\" data-end=\"1484\"><strong>Un primer tiempo cuesta arriba<\/strong><\/h4>\n<p class=\"\" data-start=\"1486\" data-end=\"1817\">El primer tiempo fue parejo, con ambos equipos reparti\u00e9ndose la posesi\u00f3n pero sin lograr imponer un claro dominio. El <em>Gallego<\/em>, sabiendo que deb\u00eda hacerse fuerte en casa, aprovech\u00f3 una de las pocas oportunidades que tuvo. A los 29 minutos, Jerem\u00edas Gim\u00e9nez capitaliz\u00f3 una desatenci\u00f3n defensiva y abri\u00f3 el marcador para el local.<\/p>\n<p class=\"\" data-start=\"1819\" data-end=\"1957\">La visita intent\u00f3 reaccionar antes del descanso, pero careci\u00f3 de claridad en los \u00faltimos metros y se fue al vestuario con el marcador adverso.<\/p>\n<h4 data-start=\"1959\" data-end=\"2009\"><strong>Cambios decisivos y remontada con sello propio<\/strong><\/h4>\n<p class=\"\" data-start=\"2011\" data-end=\"2262\">Ya en el complemento, Luj\u00e1n sali\u00f3 con una actitud mucho m\u00e1s ofensiva. Fredes apost\u00f3 por variantes desde el banco y dio en la tecla: Kevin Tovani ingres\u00f3 por Di\u00f3genes Notta y Rom\u00e1n L\u00f3pez reemplaz\u00f3 a Tom\u00e1s Bellido. Este \u00faltimo fue clave en la remontada.<\/p>\n<p class=\"\" data-start=\"2264\" data-end=\"2475\">A los 26 minutos, L\u00f3pez tom\u00f3 la pelota, encar\u00f3 por izquierda, enganch\u00f3 hacia el centro y sac\u00f3 un zurdazo cruzado que venci\u00f3 al arquero Tabar\u00e9 Ben\u00edtez para el 1 a 1. Un verdadero golazo para igualar las acciones.<\/p>\n<p class=\"\" data-start=\"2477\" data-end=\"2739\">El envi\u00f3n an\u00edmico fue total. Y apenas once minutos despu\u00e9s, cuando el <em>Lujanero<\/em> era claro dominador, lleg\u00f3 un penal a favor que Diego Molina transform\u00f3 en gol con un remate certero al palo izquierdo del arquero local. As\u00ed, Luj\u00e1n pas\u00f3 al frente 2 a 1 con justicia.<\/p>\n<p class=\"\" data-start=\"2741\" data-end=\"2961\">Los \u00faltimos minutos mostraron a Centro desesperado en busca del empate, pero sin ideas. La defensa del equipo visitante, con Nahuel Icazatti como estandarte, se mostr\u00f3 firme y evit\u00f3 cualquier intento de reacci\u00f3n.<\/p>\n<h4 data-start=\"3201\" data-end=\"3234\"><strong>Lo que viene para el Lujanero<\/strong><\/h4>\n<p class=\"\" data-start=\"3236\" data-end=\"3607\">Con este triunfo, los de la banda no solo conservan el invicto sino que se afirman como \u00fanicos l\u00edderes de la Zona B. El pr\u00f3ximo compromiso ser\u00e1 en casa, en el 1\u00b0 de Abril, donde recibir\u00e1 a Juventud Unida por la 8\u00b0 fecha del certamen.<\/p>\n","protected":false},"excerpt":{"rendered":"<p>Por la 7\u00b0 fecha de la Zona B de la Primera C, Luj\u00e1n consigui\u00f3 este martes una valiosa victoria como visitante frente a Centro Espa\u00f1ol, en el Estadio Carlos Sacaan de Ituzaing\u00f3.<\/p>\n","protected":false},"author":3,"featured_media":12871,"comment_status":"closed","ping_status":"closed","sticky":false,"template":"","format":"standard","meta":{"tdm_status":"","tdm_grid_status":"","footnotes":""},"categories":[2,8],"tags":[237,173,117,184,130],"class_list":{"0":"post-15988","1":"post","2":"type-post","3":"status-publish","4":"format-standard","5":"has-post-thumbnail","7":"category-featured","9":"tag-centro-espanol","10":"tag-futbol","11":"tag-lujan","12":"tag-lujanero","13":"tag-primera-c"},"_links":{"self":[{"href":"https:\/\/diariodelujan.com\/xdeporte\/wp-json\/wp\/v2\/posts\/15988","targetHints":{"allow":["GET"]}}],"collection":[{"href":"https:\/\/diariodelujan.com\/xdeporte\/wp-json\/wp\/v2\/posts"}],"about":[{"href":"https:\/\/diariodelujan.com\/xdeporte\/wp-json\/wp\/v2\/types\/post"}],"author":[{"embeddable":true,"href":"https:\/\/diariodelujan.com\/xdeporte\/wp-json\/wp\/v2\/users\/3"}],"replies":[{"embeddable":true,"href":"https:\/\/diariodelujan.com\/xdeporte\/wp-json\/wp\/v2\/comments?post=15988"}],"version-history":[{"count":1,"href":"https:\/\/diariodelujan.com\/xdeporte\/wp-json\/wp\/v2\/posts\/15988\/revisions"}],"predecessor-version":[{"id":15989,"href":"https:\/\/diariodelujan.com\/xdeporte\/wp-json\/wp\/v2\/posts\/15988\/revisions\/15989"}],"wp:featuredmedia":[{"embeddable":true,"href":"https:\/\/diariodelujan.com\/xdeporte\/wp-json\/wp\/v2\/media\/12871"}],"wp:attachment":[{"href":"https:\/\/diariodelujan.com\/xdeporte\/wp-json\/wp\/v2\/media?parent=15988"}],"wp:term":[{"taxonomy":"category","embeddable":true,"href":"https:\/\/diariodelujan.com\/xdeporte\/wp-json\/wp\/v2\/categories?post=15988"},{"taxonomy":"post_tag","embeddable":true,"href":"https:\/\/diariodelujan.com\/xdeporte\/wp-json\/wp\/v2\/tags?post=15988"}],"curies":[{"name":"wp","href":"https:\/\/api.w.org\/{rel}","templated":true}]}}