{"id":16003,"date":"2025-04-25T22:05:41","date_gmt":"2025-04-26T01:05:41","guid":{"rendered":"https:\/\/diariodelujan.com\/xdeporte\/?p=16003"},"modified":"2025-04-26T18:19:04","modified_gmt":"2025-04-26T21:19:04","slug":"el-canario-recibe-en-casa-a-fenix","status":"publish","type":"post","link":"https:\/\/diariodelujan.com\/xdeporte\/el-canario-recibe-en-casa-a-fenix\/","title":{"rendered":"El Canario recibe al Cuervo en el Carlos V"},"content":{"rendered":"<p class=\"\" data-start=\"73\" data-end=\"397\"><span style=\"font-size: 14pt; font-family: georgia, palatino, serif;\"><em>Este s\u00e1bado, el Carlos V ser\u00e1 el escenario de un partido crucial para las aspiraciones el <a href=\"https:\/\/www.facebook.com\/ClubsydFlandria\" target=\"_blank\" rel=\"noopener\">Canario<\/a>\u00a0en la temporada 2025 de la Primera B Metropolitana.<\/em><\/span><\/p>\n<p data-start=\"73\" data-end=\"397\"><!--more--><\/p>\n<h4 data-start=\"399\" data-end=\"440\"><strong>El <em>Canario<\/em>, con sed de victoria en casa<\/strong><\/h4>\n<p class=\"\" data-start=\"442\" data-end=\"802\">El equipo dirigido por <em>Cacho<\/em> Sialle atraviesa un presente irregular. La \u00faltima presentaci\u00f3n dej\u00f3 sabor amargo: fue <a href=\"https:\/\/diariodelujan.com\/xdeporte\/flandria-sufrio-una-dura-goleada\/\" target=\"_blank\" rel=\"noopener\">derrota 3-0 ante Laferrere<\/a> en un partido donde Flandria se vio completamente superado y abrumado por el rival.\u00a0Con apenas una victoria en los \u00faltimos cinco partidos, el <em>Canario<\/em> busca reencontrarse con su mejor versi\u00f3n y necesita hacerse fuerte en casa para no seguir hundi\u00e9ndose en la tabla.<\/p>\n<h4 data-start=\"1459\" data-end=\"1502\"><strong>F\u00e9nix, mas sediento que Flandria<\/strong><\/h4>\n<p class=\"\" data-start=\"1504\" data-end=\"1858\">Del otro lado, F\u00e9nix llega tras cumplir su fecha libre. El <em>Cuervo<\/em> se ubica en el fondo de la tabla y no ha obtenido un triunfo desde la primer fecha. Los de camiseta negra y blanca intentar\u00e1n aprovechar los\u00a0 momentos de irregularidad del <em>Canario<\/em> para volver a sumar de a tres.<\/p>\n<h4 data-start=\"2367\" data-end=\"2407\"><strong>Historial reciente<\/strong><\/h4>\n<p class=\"\" data-start=\"2409\" data-end=\"2647\">El historial reciente entre ambos muestra una clara ventaja para los de J\u00e1uregui: en los \u00faltimos cinco enfrentamientos, Flandria gan\u00f3 todos. Y en el \u00faltimo cruce en J\u00e1uregui fue victoria por 1-0.<\/p>\n<p class=\"\" data-start=\"3363\" data-end=\"3522\">En este contexto, este s\u00e1bado, desde las 15:30, el <em>Canario<\/em> recibir\u00e1 a F\u00e9nix por la fecha 12 del campeonato, en un duelo que promete emociones, tensi\u00f3n y mucha necesidad de sumar.<\/p>\n","protected":false},"excerpt":{"rendered":"<p>Este s\u00e1bado, el Carlos V ser\u00e1 el escenario de un partido crucial para las aspiraciones el Canario\u00a0en la temporada 2025 de la Primera B Metropolitana.<\/p>\n","protected":false},"author":3,"featured_media":16004,"comment_status":"closed","ping_status":"closed","sticky":false,"template":"","format":"standard","meta":{"tdm_status":"","tdm_grid_status":"","footnotes":""},"categories":[8],"tags":[171,221,172,173,198],"class_list":{"0":"post-16003","1":"post","2":"type-post","3":"status-publish","4":"format-standard","5":"has-post-thumbnail","7":"category-futbol","8":"tag-canario","9":"tag-fenix","10":"tag-flandria","11":"tag-futbol","12":"tag-primera-b"},"_links":{"self":[{"href":"https:\/\/diariodelujan.com\/xdeporte\/wp-json\/wp\/v2\/posts\/16003","targetHints":{"allow":["GET"]}}],"collection":[{"href":"https:\/\/diariodelujan.com\/xdeporte\/wp-json\/wp\/v2\/posts"}],"about":[{"href":"https:\/\/diariodelujan.com\/xdeporte\/wp-json\/wp\/v2\/types\/post"}],"author":[{"embeddable":true,"href":"https:\/\/diariodelujan.com\/xdeporte\/wp-json\/wp\/v2\/users\/3"}],"replies":[{"embeddable":true,"href":"https:\/\/diariodelujan.com\/xdeporte\/wp-json\/wp\/v2\/comments?post=16003"}],"version-history":[{"count":1,"href":"https:\/\/diariodelujan.com\/xdeporte\/wp-json\/wp\/v2\/posts\/16003\/revisions"}],"predecessor-version":[{"id":16005,"href":"https:\/\/diariodelujan.com\/xdeporte\/wp-json\/wp\/v2\/posts\/16003\/revisions\/16005"}],"wp:featuredmedia":[{"embeddable":true,"href":"https:\/\/diariodelujan.com\/xdeporte\/wp-json\/wp\/v2\/media\/16004"}],"wp:attachment":[{"href":"https:\/\/diariodelujan.com\/xdeporte\/wp-json\/wp\/v2\/media?parent=16003"}],"wp:term":[{"taxonomy":"category","embeddable":true,"href":"https:\/\/diariodelujan.com\/xdeporte\/wp-json\/wp\/v2\/categories?post=16003"},{"taxonomy":"post_tag","embeddable":true,"href":"https:\/\/diariodelujan.com\/xdeporte\/wp-json\/wp\/v2\/tags?post=16003"}],"curies":[{"name":"wp","href":"https:\/\/api.w.org\/{rel}","templated":true}]}}